{"id":14854,"date":"2025-06-09T19:31:21","date_gmt":"2025-06-09T23:31:21","guid":{"rendered":"https:\/\/agromt.news\/?p=14854"},"modified":"2025-06-09T19:31:21","modified_gmt":"2025-06-09T23:31:21","slug":"confira-os-precos-da-arroba-do-boi-gordo-neste-inicio-de-semana-2","status":"publish","type":"post","link":"https:\/\/agromt.news\/?p=14854","title":{"rendered":"Confira os pre\u00e7os da arroba do boi gordo neste in\u00edcio de semana"},"content":{"rendered":"<p> <br \/>\n<br \/><img decoding=\"async\" src=\"https:\/\/agromt.news\/wp-content\/uploads\/2025\/03\/veja-como-o-mercado-finalizou-a-semana.jpg\" \/><\/p>\n<div>\n<p>O mercado f\u00edsico do boi gordo iniciou a semana com inexpressivo fluxo de neg\u00f3cios. De acordo com o analista da consultoria Safras &amp; Mercado Fernando Henrique Iglesias, a expectativa ainda \u00e9 de alguma eleva\u00e7\u00e3o dos pre\u00e7os no curto prazo, considerando o posicionamento das escalas de abate, entre cinco e sete dias \u00fateis na m\u00e9dia nacional. <\/p>\n<p>\u201cA oferta de animais jovens \u00e9 a grande justificativa para este movimento: a ind\u00fastria n\u00e3o encontra quantidade expressiva de animais que cumprem os requisitos de exporta\u00e7\u00e3o para a China.\u201d <\/p>\n<p>Segundo ele, as <strong><a href=\"https:\/\/www.canalrural.com.br\/aves-e-suinos\/exportacao-de-carne-bovina-avanca-335-e-a-de-aves-recua-12-em-junho\/\">exporta\u00e7\u00f5es brasileiras permanecem agressivas<\/a><\/strong>, com o pa\u00eds caminhando a passos largos para um recorde de embarques na atual temporada.<\/p>\n<h2 class=\"wp-block-heading\" id=\"h-precos-medios-do-boi-gordo\">Pre\u00e7os m\u00e9dios do boi gordo <\/h2>\n<ul class=\"wp-block-list\">\n<li><strong>S\u00e3o Paulo:<\/strong> R$ 316,67<\/li>\n<li><strong>Goi\u00e1s:<\/strong> R$ 300,54<\/li>\n<li><strong>Minas Gerais:<\/strong> R$ 300,29<\/li>\n<li><strong>Mato Grosso do Sul:<\/strong> R$ 313,86<\/li>\n<li><strong>Mato Grosso:<\/strong> R$ 310,54<\/li>\n<\/ul>\n<h2 class=\"wp-block-heading\" id=\"h-mercado-atacadista\">Mercado atacadista<\/h2>\n<p>O mercado atacadista apresenta pre\u00e7os firmes para a carne bovina. O ambiente de neg\u00f3cios ainda sugere pela continuidade do movimento de alta no curto prazo, considerando a entrada dos sal\u00e1rios na economia. <\/p>\n<\/div>\n<div>\n<p>\u201cOs movimentos da carne de frango no atacado e varejo s\u00e3o pontos de aten\u00e7\u00e3o que precisam ser mencionados\u201d, disse Iglesias.<\/p>\n<p>O quarto traseiro segue no patamar de R$ 24,50 por quilo; o dianteiro ainda \u00e9 cotado a R$ 19,50, por quilo; e a ponta de agulha continua no patamar de R$ 18,50, por quilo.<\/p>\n<h2 class=\"wp-block-heading\" id=\"h-cambio\">C\u00e2mbio<\/h2>\n<p>O d\u00f3lar comercial encerrou a sess\u00e3o em queda de 0,13%, sendo negociado a R$ 5,5616 para venda e a R$ 5,5596 para compra. Durante o dia, a moeda norte-americana oscilou entre a m\u00ednima de R$ 5,5522 e a m\u00e1xima de R$ 5,5987.<\/p>\n<\/p><\/div>\n<p><br \/>\n<br \/><a href=\"https:\/\/www.canalrural.com.br\/pecuaria\/confira-os-precos-da-arroba-do-boi-gordo-neste-inicio-de-semana-2\/\">Source link <\/a><\/p>\n","protected":false},"excerpt":{"rendered":"<p>O mercado f\u00edsico do boi gordo iniciou a semana com inexpressivo fluxo de neg\u00f3cios. De acordo com o analista da<\/p>\n","protected":false},"author":1,"featured_media":12385,"comment_status":"open","ping_status":"open","sticky":false,"template":"","format":"standard","meta":{"_monsterinsights_skip_tracking":false,"_monsterinsights_sitenote_active":false,"_monsterinsights_sitenote_note":"","_monsterinsights_sitenote_category":0,"_uf_show_specific_survey":0,"_uf_disable_surveys":false,"footnotes":""},"categories":[1],"tags":[],"class_list":["post-14854","post","type-post","status-publish","format-standard","has-post-thumbnail","hentry","category-news"],"_links":{"self":[{"href":"https:\/\/agromt.news\/index.php?rest_route=\/wp\/v2\/posts\/14854"}],"collection":[{"href":"https:\/\/agromt.news\/index.php?rest_route=\/wp\/v2\/posts"}],"about":[{"href":"https:\/\/agromt.news\/index.php?rest_route=\/wp\/v2\/types\/post"}],"author":[{"embeddable":true,"href":"https:\/\/agromt.news\/index.php?rest_route=\/wp\/v2\/users\/1"}],"replies":[{"embeddable":true,"href":"https:\/\/agromt.news\/index.php?rest_route=%2Fwp%2Fv2%2Fcomments&post=14854"}],"version-history":[{"count":0,"href":"https:\/\/agromt.news\/index.php?rest_route=\/wp\/v2\/posts\/14854\/revisions"}],"wp:featuredmedia":[{"embeddable":true,"href":"https:\/\/agromt.news\/index.php?rest_route=\/wp\/v2\/media\/12385"}],"wp:attachment":[{"href":"https:\/\/agromt.news\/index.php?rest_route=%2Fwp%2Fv2%2Fmedia&parent=14854"}],"wp:term":[{"taxonomy":"category","embeddable":true,"href":"https:\/\/agromt.news\/index.php?rest_route=%2Fwp%2Fv2%2Fcategories&post=14854"},{"taxonomy":"post_tag","embeddable":true,"href":"https:\/\/agromt.news\/index.php?rest_route=%2Fwp%2Fv2%2Ftags&post=14854"}],"curies":[{"name":"wp","href":"https:\/\/api.w.org\/{rel}","templated":true}]}}