{"id":14851,"date":"2025-06-09T18:43:32","date_gmt":"2025-06-09T22:43:32","guid":{"rendered":"https:\/\/agromt.news\/?p=14851"},"modified":"2025-06-09T18:43:32","modified_gmt":"2025-06-09T22:43:32","slug":"governo-aumenta-em-4-os-recursos-do-funcafe-para-a-safra-25-26","status":"publish","type":"post","link":"https:\/\/agromt.news\/?p=14851","title":{"rendered":"Governo aumenta em 4% os recursos do Funcaf\u00e9 para a safra 25\/26"},"content":{"rendered":"<p> <br \/>\n<br \/><img decoding=\"async\" src=\"https:\/\/agromt.news\/wp-content\/uploads\/2025\/04\/grao-de-cafe-e-utilizado-na-industria-cosmetica.jpg\" \/><\/p>\n<div>\n<p>O Conselho Monet\u00e1rio Nacional (CMN) aprovou o direcionamento e a contrata\u00e7\u00e3o de recursos do Fundo de Defesa da Economia Cafeeira (Funcaf\u00e9), destinados ao financiamento da cafeicultura no ano safra 2025\/2026, no montante de R$ 7,18 bilh\u00f5es. <\/p>\n<p>A medida foi publicada em portaria do Minist\u00e9rio da Agricultura e Pecu\u00e1ria <strong><a href=\"https:\/\/www.canalrural.com.br\/tag\/mapa\/\">(Mapa)<\/a><\/strong> desta segunda-feira (9). Comparado ao ano-safra anterior, quando foram disponibilizados R$ 6,9 bilh\u00f5es, o aumento \u00e9 de cerca de 4%. <\/p>\n<p>Nos anos-safra anteriores, os recursos somaram R$ 6,3 bilh\u00f5es em 2023\/2024 e R$ 6 bilh\u00f5es em 2022\/2023. No acumulado, comparando este ano com o do exerc\u00edcio de 2022, o crescimento \u00e9 de cerca de 20%.<\/p>\n<p>\u201cEste [novo] valor refor\u00e7a o compromisso do governo do presidente Lula com a cafeicultura brasileira, regulamentando a aplica\u00e7\u00e3o de um volume recorde de recursos do Funcaf\u00e9\u201d, declarou o ministro do Mapa, Carlos F\u00e1varo. <\/p>\n<\/div>\n<div>\n<p>De acordo com ele, a iniciativa d\u00e1 seguimento \u00e0 trajet\u00f3ria de sucessivos recordes anuais para impulsionar o desenvolvimento do setor. \u201cTamb\u00e9m estamos empenhados em garantir a libera\u00e7\u00e3o \u00e1gil e eficiente para apoiar o produtor.\u201d<\/p>\n<p>Para o exerc\u00edcio de 2025, foram destinados mais de R$ 1,81 bilh\u00e3o para custeio; mais de R$ 2,59 bilh\u00f5es para comercializa\u00e7\u00e3o; e mais de R$ 1,68 bilh\u00e3o para financiamento na aquisi\u00e7\u00e3o de caf\u00e9. <\/p>\n<p>Al\u00e9m disso, em nota, o Mapa lembra que mais de R$ 1 bilh\u00e3o de cr\u00e9dito foram designados para capital de giro para ind\u00fastrias de caf\u00e9 sol\u00favel e de torrefa\u00e7\u00e3o de caf\u00e9 e para cooperativa de produ\u00e7\u00e3o. \u201cTamb\u00e9m ser\u00e1 concedido cr\u00e9dito para a recupera\u00e7\u00e3o de cafezais danificados, mais de R$ 31 milh\u00f5es\u201d, diz o Minist\u00e9rio, em nota.<\/p>\n<p>Segundo a pasta, os recursos ser\u00e3o distribu\u00eddos entre as institui\u00e7\u00f5es financeiras integrantes do Sistema Nacional de Cr\u00e9dito Rural (SNCR) que estejam autorizadas a operar os recursos do Funcaf\u00e9. <\/p>\n<p>Aos interessadas em se credenciar junto ao Fundo a fim de operacionalizar os recursos para a safra 2024\/2025, devem seguir os procedimentos de edital a ser publicado pela Secretaria de Pol\u00edtica Agr\u00edcola do Mapa.<\/p>\n<\/p><\/div>\n<p><br \/>\n<br \/><a href=\"https:\/\/www.canalrural.com.br\/agricultura\/governo-aumenta-em-4-os-recursos-do-funcafe-para-a-safra-25-26\/\">Source link <\/a><\/p>\n","protected":false},"excerpt":{"rendered":"<p>O Conselho Monet\u00e1rio Nacional (CMN) aprovou o direcionamento e a contrata\u00e7\u00e3o de recursos do Fundo de Defesa da Economia Cafeeira<\/p>\n","protected":false},"author":1,"featured_media":12318,"comment_status":"open","ping_status":"open","sticky":false,"template":"","format":"standard","meta":{"_monsterinsights_skip_tracking":false,"_monsterinsights_sitenote_active":false,"_monsterinsights_sitenote_note":"","_monsterinsights_sitenote_category":0,"_uf_show_specific_survey":0,"_uf_disable_surveys":false,"footnotes":""},"categories":[1],"tags":[],"class_list":["post-14851","post","type-post","status-publish","format-standard","has-post-thumbnail","hentry","category-news"],"_links":{"self":[{"href":"https:\/\/agromt.news\/index.php?rest_route=\/wp\/v2\/posts\/14851"}],"collection":[{"href":"https:\/\/agromt.news\/index.php?rest_route=\/wp\/v2\/posts"}],"about":[{"href":"https:\/\/agromt.news\/index.php?rest_route=\/wp\/v2\/types\/post"}],"author":[{"embeddable":true,"href":"https:\/\/agromt.news\/index.php?rest_route=\/wp\/v2\/users\/1"}],"replies":[{"embeddable":true,"href":"https:\/\/agromt.news\/index.php?rest_route=%2Fwp%2Fv2%2Fcomments&post=14851"}],"version-history":[{"count":0,"href":"https:\/\/agromt.news\/index.php?rest_route=\/wp\/v2\/posts\/14851\/revisions"}],"wp:featuredmedia":[{"embeddable":true,"href":"https:\/\/agromt.news\/index.php?rest_route=\/wp\/v2\/media\/12318"}],"wp:attachment":[{"href":"https:\/\/agromt.news\/index.php?rest_route=%2Fwp%2Fv2%2Fmedia&parent=14851"}],"wp:term":[{"taxonomy":"category","embeddable":true,"href":"https:\/\/agromt.news\/index.php?rest_route=%2Fwp%2Fv2%2Fcategories&post=14851"},{"taxonomy":"post_tag","embeddable":true,"href":"https:\/\/agromt.news\/index.php?rest_route=%2Fwp%2Fv2%2Ftags&post=14851"}],"curies":[{"name":"wp","href":"https:\/\/api.w.org\/{rel}","templated":true}]}}