{"id":14849,"date":"2025-06-09T18:28:47","date_gmt":"2025-06-09T22:28:47","guid":{"rendered":"https:\/\/agromt.news\/?p=14849"},"modified":"2025-06-09T18:28:47","modified_gmt":"2025-06-09T22:28:47","slug":"centro-de-operacoes-de-emergencia-contra-gripe-aviaria-e-reativado","status":"publish","type":"post","link":"https:\/\/agromt.news\/?p=14849","title":{"rendered":"Centro de Opera\u00e7\u00f5es de Emerg\u00eancia contra gripe avi\u00e1ria \u00e9 reativado"},"content":{"rendered":"<p> <br \/>\n<br \/><img decoding=\"async\" src=\"https:\/\/agromt.news\/wp-content\/uploads\/2025\/06\/Centro-de-Operacoes-de-Emergencia-contra-gripe-aviaria-e-reativado.jpg\" \/><\/p>\n<div>\n<p>Publicada nesta segunda-feira (9), a Portaria 1.416 do Minist\u00e9rio do Meio Ambiente (MMA), restituiu o Centro de Opera\u00e7\u00e3o de Emerg\u00eancia (COE) para monitorar, acompanhar, propor e coordenar a\u00e7\u00f5es relacionadas \u00e0 gripe avi\u00e1ria em animais silvestres.<\/p>\n<p>De acordo com o documento, o grupo ser\u00e1 composto por representantes do <strong><a href=\"https:\/\/www.canalrural.com.br\/tag\/ibama\/\">Ibama<\/a><\/strong>; ICMBio; da Secretaria Nacional de Biodiversidade, Florestas e Direitos Animais; do Departamento de Prote\u00e7\u00e3o, Defesa e Direitos Animais; e do Departamento de Conserva\u00e7\u00e3o e Uso Sustent\u00e1vel da Biodiversidade.<\/p>\n<p>A ideia \u00e9 que se reunam a cada 15 dias, em assembleias ordin\u00e1rias ou, sempre que necess\u00e1rio, extraordin\u00e1rias. A Portaria prev\u00ea que o encerramento dos trabalhos ocorrer\u00e1 em at\u00e9 180 dias, contados da data de publica\u00e7\u00e3o do documento. <\/p>\n<\/div>\n<div>\n<p>Contudo, a depender da intensifica\u00e7\u00e3o dos casos, o COE pode ser prorrogado, por igual per\u00edodo, por ato da Ministra de Estado do Meio Ambiente e Mudan\u00e7a do Clima, Marina Silva. O Centro havia sido criado em maio de 2023, quando os primeiros casos foram identificados em albatrozes e trinta-r\u00e9is-de-bando, aves silvestres comumente encontradas no litoral brasileiro.<\/p>\n<p>At\u00e9 o momento, de acordo com o painel S\u00edndrome Respirat\u00f3ria e Nervosa das Aves, mantido e atualizado diariamente pelo Minist\u00e9rio da Agricultura e Pecu\u00e1ria (Mapa), existem tr\u00eas focos de gripe avi\u00e1ria em aves silvestres em andamento:<\/p>\n<ul class=\"wp-block-list\">\n<li>Sapucaia do Sul (RS): cine negro<\/li>\n<li>Mateus Leme (MG): cisne negro<\/li>\n<li>Bras\u00edlia (DF): irer\u00ea<\/li>\n<\/ul>\n<p>Outros quatro casos ainda est\u00e3o em investiga\u00e7\u00e3o: Angra dos Reis (RJ); Santo Ant\u00f4nio do Monte e Florestal, ambos em Minas Gerais; Utinga (BA).<\/p>\n<\/p><\/div>\n<p><br \/>\n<br \/><a href=\"https:\/\/www.canalrural.com.br\/nacional\/centro-de-operacoes-de-emergencia-contra-gripe-aviaria-e-reativado\/\">Source link <\/a><\/p>\n","protected":false},"excerpt":{"rendered":"<p>Publicada nesta segunda-feira (9), a Portaria 1.416 do Minist\u00e9rio do Meio Ambiente (MMA), restituiu o Centro de Opera\u00e7\u00e3o de Emerg\u00eancia<\/p>\n","protected":false},"author":1,"featured_media":14850,"comment_status":"open","ping_status":"open","sticky":false,"template":"","format":"standard","meta":{"_monsterinsights_skip_tracking":false,"_monsterinsights_sitenote_active":false,"_monsterinsights_sitenote_note":"","_monsterinsights_sitenote_category":0,"_uf_show_specific_survey":0,"_uf_disable_surveys":false,"footnotes":""},"categories":[1],"tags":[],"class_list":["post-14849","post","type-post","status-publish","format-standard","has-post-thumbnail","hentry","category-news"],"_links":{"self":[{"href":"https:\/\/agromt.news\/index.php?rest_route=\/wp\/v2\/posts\/14849"}],"collection":[{"href":"https:\/\/agromt.news\/index.php?rest_route=\/wp\/v2\/posts"}],"about":[{"href":"https:\/\/agromt.news\/index.php?rest_route=\/wp\/v2\/types\/post"}],"author":[{"embeddable":true,"href":"https:\/\/agromt.news\/index.php?rest_route=\/wp\/v2\/users\/1"}],"replies":[{"embeddable":true,"href":"https:\/\/agromt.news\/index.php?rest_route=%2Fwp%2Fv2%2Fcomments&post=14849"}],"version-history":[{"count":0,"href":"https:\/\/agromt.news\/index.php?rest_route=\/wp\/v2\/posts\/14849\/revisions"}],"wp:featuredmedia":[{"embeddable":true,"href":"https:\/\/agromt.news\/index.php?rest_route=\/wp\/v2\/media\/14850"}],"wp:attachment":[{"href":"https:\/\/agromt.news\/index.php?rest_route=%2Fwp%2Fv2%2Fmedia&parent=14849"}],"wp:term":[{"taxonomy":"category","embeddable":true,"href":"https:\/\/agromt.news\/index.php?rest_route=%2Fwp%2Fv2%2Fcategories&post=14849"},{"taxonomy":"post_tag","embeddable":true,"href":"https:\/\/agromt.news\/index.php?rest_route=%2Fwp%2Fv2%2Ftags&post=14849"}],"curies":[{"name":"wp","href":"https:\/\/api.w.org\/{rel}","templated":true}]}}