{"id":14847,"date":"2025-06-09T18:00:26","date_gmt":"2025-06-09T22:00:26","guid":{"rendered":"https:\/\/agromt.news\/?p=14847"},"modified":"2025-06-09T18:00:26","modified_gmt":"2025-06-09T22:00:26","slug":"chuvas-intensas-preocupam-produtores-de-soja-e-colocam-reta-final-da-colheita-em-alerta","status":"publish","type":"post","link":"https:\/\/agromt.news\/?p=14847","title":{"rendered":"Chuvas intensas preocupam produtores de soja e colocam reta final da colheita em alerta"},"content":{"rendered":"<p> <br \/>\n<br \/><img decoding=\"async\" src=\"https:\/\/agromt.news\/wp-content\/uploads\/2025\/06\/Chuvas-intensas-preocupam-produtores-de-soja-e-colocam-reta-final.jpg\" \/><\/p>\n<div>\n<p>A atua\u00e7\u00e3o persistente da Zona de Converg\u00eancia Intertropical (<a href=\"https:\/\/www.canalrural.com.br\/?s=ZCIT\">ZCIT<\/a>) continua direcionando instabilidades para o extremo Norte do pa\u00eds. Em Roraima, <a href=\"https:\/\/www.canalrural.com.br\/?s=produtores+de+soja\">produtores <\/a>de soja devem se preparar para um cen\u00e1rio de chuva frequente e acumulados expressivos ao longo dos pr\u00f3ximos 15 dias.<\/p>\n<figure class=\"wp-block-embed is-type-video is-provider-youtube wp-block-embed-youtube wp-embed-aspect-16-9 wp-has-aspect-ratio\">\n<p>\n<iframe title=\"Chuvas intensas preocupam produtores de soja e colocam reta final da colheita em alerta\" width=\"800\" height=\"450\" src=\"https:\/\/www.youtube.com\/embed\/tXaCZxwuh-s?feature=oembed\" frameborder=\"0\" allow=\"accelerometer; autoplay; clipboard-write; encrypted-media; gyroscope; picture-in-picture; web-share\" referrerpolicy=\"strict-origin-when-cross-origin\" allowfullscreen><\/iframe>\n<\/p>\n<\/figure>\n<ul class=\"wp-block-list\">\n<li><strong><em>Fique por dentro das novidades e not\u00edcias recentes sobre a soja! Participe da nossa comunidade atrav\u00e9s do\u00a0<a href=\"https:\/\/chat.whatsapp.com\/BmMRwA0TZ2DHGyhzoaVEWu\">link<\/a><\/em><\/strong>!<\/li>\n<\/ul>\n<p>Nesta semana, j\u00e1 s\u00e3o esperados volumes de at\u00e9 45 mm, e, ao fim do per\u00edodo, o acumulado pode ultrapassar os 80 a 100 mm em algumas localidades. Esse excesso de umidade pode ser prejudicial \u00e0 cultura da soja, dependendo da fase de desenvolvimento e das caracter\u00edsticas do solo.<\/p>\n<p>Enquanto isso, o cen\u00e1rio \u00e9 mais est\u00e1vel em outras regi\u00f5es produtoras. No Centro-Oeste, Matopiba, al\u00e9m de partes de S\u00e3o Paulo e Minas Gerais, a colheita deve seguir sem grandes interrup\u00e7\u00f5es provocadas pela chuva nas pr\u00f3ximas duas semanas.<\/p>\n<\/div>\n<div>\n<h2 class=\"wp-block-heading\" id=\"h-atencao-redobrada-produtores-de-soja-do-sul\">Aten\u00e7\u00e3o redobrada, produtores de soja do Sul!<\/h2>\n<p>No Sul, no entanto, o tempo volta a preocupar. Entre os dias 15 e 19 de junho, h\u00e1 previs\u00e3o de retorno das pancadas, com acumulados entre 100 e 125 mm. A semana tamb\u00e9m ser\u00e1 marcada por frio intenso, com amanheceres gelados, o que exige aten\u00e7\u00e3o redobrada dos produtores. A umidade elevada pode impactar negativamente a segunda safra, especialmente se houver paralisa\u00e7\u00f5es prolongadas nas atividades de campo.<\/p>\n<h2 class=\"wp-block-heading\" id=\"h-litoral\">Litoral <\/h2>\n<p>J\u00e1 no litoral nordestino, as ondas de leste, nuvens carregadas vindas do oceano, continuam atuando. Entre os dias 20 e 24 de junho, a chuva se concentra principalmente no litoral, com pancadas no per\u00edodo da tarde e acumulados que podem somar 45 mm em cinco dias. A costa norte e parte do interior do Nordeste tamb\u00e9m est\u00e3o nesse cen\u00e1rio.<\/p>\n<p>Na regi\u00e3o central do Brasil, o tempo seco predomina. Isso favorece o andamento tranquilo da colheita do algod\u00e3o e do milho segunda safra, que seguem sem maiores riscos clim\u00e1ticos neste momento.<\/p>\n<\/p><\/div>\n<p><br \/>\n<br \/><a href=\"https:\/\/www.canalrural.com.br\/agricultura\/projeto-soja-brasil\/chuvas-intensas-preocupam-produtores-de-soja-e-colocam-reta-final-da-colheita-em-alerta\/\">Source link <\/a><\/p>\n","protected":false},"excerpt":{"rendered":"<p>A atua\u00e7\u00e3o persistente da Zona de Converg\u00eancia Intertropical (ZCIT) continua direcionando instabilidades para o extremo Norte do pa\u00eds. Em Roraima,<\/p>\n","protected":false},"author":1,"featured_media":14848,"comment_status":"open","ping_status":"open","sticky":false,"template":"","format":"standard","meta":{"_monsterinsights_skip_tracking":false,"_monsterinsights_sitenote_active":false,"_monsterinsights_sitenote_note":"","_monsterinsights_sitenote_category":0,"_uf_show_specific_survey":0,"_uf_disable_surveys":false,"footnotes":""},"categories":[1],"tags":[],"class_list":["post-14847","post","type-post","status-publish","format-standard","has-post-thumbnail","hentry","category-news"],"_links":{"self":[{"href":"https:\/\/agromt.news\/index.php?rest_route=\/wp\/v2\/posts\/14847"}],"collection":[{"href":"https:\/\/agromt.news\/index.php?rest_route=\/wp\/v2\/posts"}],"about":[{"href":"https:\/\/agromt.news\/index.php?rest_route=\/wp\/v2\/types\/post"}],"author":[{"embeddable":true,"href":"https:\/\/agromt.news\/index.php?rest_route=\/wp\/v2\/users\/1"}],"replies":[{"embeddable":true,"href":"https:\/\/agromt.news\/index.php?rest_route=%2Fwp%2Fv2%2Fcomments&post=14847"}],"version-history":[{"count":0,"href":"https:\/\/agromt.news\/index.php?rest_route=\/wp\/v2\/posts\/14847\/revisions"}],"wp:featuredmedia":[{"embeddable":true,"href":"https:\/\/agromt.news\/index.php?rest_route=\/wp\/v2\/media\/14848"}],"wp:attachment":[{"href":"https:\/\/agromt.news\/index.php?rest_route=%2Fwp%2Fv2%2Fmedia&parent=14847"}],"wp:term":[{"taxonomy":"category","embeddable":true,"href":"https:\/\/agromt.news\/index.php?rest_route=%2Fwp%2Fv2%2Fcategories&post=14847"},{"taxonomy":"post_tag","embeddable":true,"href":"https:\/\/agromt.news\/index.php?rest_route=%2Fwp%2Fv2%2Ftags&post=14847"}],"curies":[{"name":"wp","href":"https:\/\/api.w.org\/{rel}","templated":true}]}}