{"id":14845,"date":"2025-06-09T17:46:05","date_gmt":"2025-06-09T21:46:05","guid":{"rendered":"https:\/\/agromt.news\/?p=14845"},"modified":"2025-06-09T17:46:05","modified_gmt":"2025-06-09T21:46:05","slug":"bahia-farm-show-2025-vai-ate-sabado-14-no-oeste-da-bahia","status":"publish","type":"post","link":"https:\/\/agromt.news\/?p=14845","title":{"rendered":"Bahia Farm Show 2025 vai at\u00e9 s\u00e1bado (14) no Oeste da Bahia"},"content":{"rendered":"<p> <br \/>\n<\/p>\n<div>\n<p>Come\u00e7ou nesta segunda-feira (9), umas das maiores feiras de tecnologia agr\u00edcola e neg\u00f3cios do Brasil. De acordo com a organiza\u00e7\u00e3o, a <strong>Bahia Farm Show 2025<\/strong> tem expectativa de receber mais de <strong>100 mil pessoas<\/strong> para conhecerem as mais modernas tecnologias, com a exposi\u00e7\u00e3o de mais de mil marcas.<\/p>\n<p>Nesta ter\u00e7a-feira (10), \u00e0 partir das 10 da manh\u00e3, a cerim\u00f4nia de abertura oficial do evento ser\u00e1 realizada com a presen\u00e7a de autoridades federais e estaduais. <\/p>\n<p>Segundo o coordenador da Bahia Farm Show, Alan Malinski, al\u00e9m do governador da Bahia, os ministros da Casa Civil, Rui Costa, e da Agricultura e Pecu\u00e1ria, Carlos F\u00e1varo s\u00e3o algumas das autoridades confirmadas. <\/p>\n<p>Uma das novidades \u00e9 o novo estacionamento, reconfigurado para comportar at\u00e9 7 mil ve\u00edculos por dia. Antes localizado \u00e0 beira da BR-242, o espa\u00e7o agora foi transferido para a parte posterior do parque, oferecendo mais seguran\u00e7a e comodidade para os visitantes e expositores. <\/p>\n<figure class=\"wp-block-image size-large\"><img fetchpriority=\"high\" decoding=\"async\" width=\"1024\" height=\"576\" alt=\"Bahia Farm Show 2025\" class=\"wp-image-4104318\"  data-lazy- src=\"https:\/\/agromt.news\/wp-content\/uploads\/2025\/06\/Bahia-Farm-Show-2025-vai-ate-sabado-14-no-Oeste.jpg\"\/><img decoding=\"async\" width=\"1024\" height=\"576\" src=\"https:\/\/agromt.news\/wp-content\/uploads\/2025\/06\/Bahia-Farm-Show-2025-vai-ate-sabado-14-no-Oeste.jpg\" alt=\"Bahia Farm Show 2025\" class=\"wp-image-4104318\"  \/><figcaption class=\"wp-element-caption\">Imagem: Guilherme Soares\/Canal Rural Bahia<\/figcaption><\/figure>\n<p>A mobilidade sustent\u00e1vel tamb\u00e9m ganha protagonismo com a implanta\u00e7\u00e3o de ve\u00edculos el\u00e9tricos circulando pelas vias perif\u00e9ricas da feira, facilitando o deslocamento do p\u00fablico de forma eficiente e ecol\u00f3gica.<\/p>\n<p>Al\u00e9m disso, o evento deve receber mais de 75 caravanas com cerca de 3.600 pequenos e m\u00e9dios produtores rurais. Outra inova\u00e7\u00e3o \u00e9 o aplicativo oficial da Bahia Farm Show, que utiliza tecnologia de geolocaliza\u00e7\u00e3o para guiar os visitantes at\u00e9 os estandes desejados, otimizando tempo e experi\u00eancia de navega\u00e7\u00e3o pelo parque.<\/p>\n<p>O presidente da Bahia Farm Show e da Associa\u00e7\u00e3o de Agricultores e Irrigantes da Bahia (Aiba), Mois\u00e9s Schmidt, refor\u00e7a que al\u00e9m da estrutura f\u00edsica, a feira deste que tem como tema \u201cAgro Inteligente, Futuro Sustent\u00e1vel\u201d, ser\u00e1 marcada pela apresenta\u00e7\u00e3o da maquete interativa do Plano Diretor do Complexo Bahia Farm Show \u2013 Vis\u00e3o 2050. \u201cEstamos com isso planejando o futuro, projetando a expans\u00e3o e moderniza\u00e7\u00e3o da feira ao longo das pr\u00f3ximas d\u00e9cadas, em uma \u00e1rea de 200 hectares\u201d, afirma.<\/p>\n<\/div>\n<div>\n<h2 class=\"wp-block-heading\" id=\"h-inovacao-nbsp\"><strong>Inova\u00e7\u00e3o<\/strong>\u00a0<\/h2>\n<p>A feira contar\u00e1 pela primeira vez com o Programa Pro Bahia, em parceria com o Governo do Estado, que visa incentivar a moderniza\u00e7\u00e3o do maquin\u00e1rio agr\u00edcola, oferecendo condi\u00e7\u00f5es especiais de aquisi\u00e7\u00e3o e atendimento direto aos produtores durante o evento. <\/p>\n<p>Outra iniciativa de destaque \u00e9 o projeto \u201cVozes do Agro\u201d, criado para ampliar o di\u00e1logo entre o campo e a sociedade. O espa\u00e7o servir\u00e1 como arena para debates, escuta e compartilhamento de ideias entre diferentes agentes do setor agropecu\u00e1rio.<\/p>\n<p>Na \u00e1rea da seguran\u00e7a, a edi\u00e7\u00e3o 2025 se destaca por ser a primeira a iniciar j\u00e1 com o Auto de Vistoria do Corpo de Bombeiros (AVCB). Toda a feira ser\u00e1 monitorada por c\u00e2meras de alta precis\u00e3o, integradas \u00e0 Sala de Situa\u00e7\u00e3o do Centro de Apoio ao Expositor (CAEX), em opera\u00e7\u00e3o conjunta com a Pol\u00edcia Militar e o Centro de Opera\u00e7\u00f5es Integradas (COI), garantindo vigil\u00e2ncia em tempo real.<\/p>\n<p>Os ingressos para a Bahia Farm Show 2025 pode ser adquirido antecipadamente pelo site:\u00a0<a href=\"http:\/\/www.bahiafarmshow.com.br\/\" target=\"_blank\" rel=\"noreferrer noopener\">www.bahiafarmshow.com.br<\/a>.<\/p>\n<hr class=\"wp-block-separator has-alpha-channel-opacity\"\/>\n<p><em>Voc\u00ea tamb\u00e9m pode participar deixando uma sugest\u00e3o de pauta. Siga o\u00a0<a href=\"https:\/\/www.instagram.com\/canalruralbahia\/\">Canal Rural Bahia no Instagram<\/a>\u00a0e nos envie uma mensagem<\/em>.<\/p>\n<\/p><\/div>\n<p><script async src=\"\/\/www.instagram.com\/embed.js\"><\/script><br \/>\n<br \/><br \/>\n<br \/><a href=\"https:\/\/www.canalrural.com.br\/nacional\/bahia\/bahia-farm-show-2025-vai-ate-sabado-14-no-oeste-da-bahia\/\">Source link <\/a><\/p>\n","protected":false},"excerpt":{"rendered":"<p>Come\u00e7ou nesta segunda-feira (9), umas das maiores feiras de tecnologia agr\u00edcola e neg\u00f3cios do Brasil. De acordo com a organiza\u00e7\u00e3o,<\/p>\n","protected":false},"author":1,"featured_media":14846,"comment_status":"open","ping_status":"open","sticky":false,"template":"","format":"standard","meta":{"_monsterinsights_skip_tracking":false,"_monsterinsights_sitenote_active":false,"_monsterinsights_sitenote_note":"","_monsterinsights_sitenote_category":0,"_uf_show_specific_survey":0,"_uf_disable_surveys":false,"footnotes":""},"categories":[1],"tags":[],"class_list":["post-14845","post","type-post","status-publish","format-standard","has-post-thumbnail","hentry","category-news"],"_links":{"self":[{"href":"https:\/\/agromt.news\/index.php?rest_route=\/wp\/v2\/posts\/14845"}],"collection":[{"href":"https:\/\/agromt.news\/index.php?rest_route=\/wp\/v2\/posts"}],"about":[{"href":"https:\/\/agromt.news\/index.php?rest_route=\/wp\/v2\/types\/post"}],"author":[{"embeddable":true,"href":"https:\/\/agromt.news\/index.php?rest_route=\/wp\/v2\/users\/1"}],"replies":[{"embeddable":true,"href":"https:\/\/agromt.news\/index.php?rest_route=%2Fwp%2Fv2%2Fcomments&post=14845"}],"version-history":[{"count":0,"href":"https:\/\/agromt.news\/index.php?rest_route=\/wp\/v2\/posts\/14845\/revisions"}],"wp:featuredmedia":[{"embeddable":true,"href":"https:\/\/agromt.news\/index.php?rest_route=\/wp\/v2\/media\/14846"}],"wp:attachment":[{"href":"https:\/\/agromt.news\/index.php?rest_route=%2Fwp%2Fv2%2Fmedia&parent=14845"}],"wp:term":[{"taxonomy":"category","embeddable":true,"href":"https:\/\/agromt.news\/index.php?rest_route=%2Fwp%2Fv2%2Fcategories&post=14845"},{"taxonomy":"post_tag","embeddable":true,"href":"https:\/\/agromt.news\/index.php?rest_route=%2Fwp%2Fv2%2Ftags&post=14845"}],"curies":[{"name":"wp","href":"https:\/\/api.w.org\/{rel}","templated":true}]}}