{"id":14839,"date":"2025-06-09T17:16:39","date_gmt":"2025-06-09T21:16:39","guid":{"rendered":"https:\/\/agromt.news\/?p=14839"},"modified":"2025-06-09T17:16:39","modified_gmt":"2025-06-09T21:16:39","slug":"pequenos-negocios-impulsionam-a-sustentabilidade-e-fortalecem-o-brasil-na-cop30","status":"publish","type":"post","link":"https:\/\/agromt.news\/?p=14839","title":{"rendered":"Pequenos neg\u00f3cios impulsionam a sustentabilidade e fortalecem o Brasil na COP30"},"content":{"rendered":"<p> <br \/>\n<br \/><img decoding=\"async\" src=\"https:\/\/agromt.news\/wp-content\/uploads\/2025\/06\/Pequenos-negocios-impulsionam-a-sustentabilidade-e-fortalecem-o-Brasil-na.png\" \/><\/p>\n<div>\n<p>D\u00e9cio Lima, presidente do Sebrae Nacional, publicou um artigo no site da Ag\u00eancia Sebrae de Not\u00edcias (ASN) explicando: <a href=\"https:\/\/agenciasebrae.com.br\/inovacao-e-tecnologia\/por-que-as-pequenas-empresas-sao-essenciais-na-cop30\/\">\u2018Por que as pequenas empresas s\u00e3o essenciais na COP30?<\/a>\u2018<\/p>\n<p>No artigo, Lima destacou que a<a href=\"https:\/\/www.canalrural.com.br\/empreendedorismo\/japoneses-transformam-cacau-de-tome-acu-no-para-em-joia-da-amazonia\/\"> COP30<\/a> \u2013 que acontece em novembro, em Bel\u00e9m (PA) -, ser\u00e1 uma chance para o Brasil mostrar que \u00e9 poss\u00edvel gerar renda mantendo a floresta em p\u00e9. <\/p>\n<p>\u201cA COP30 n\u00e3o pode ser apenas um palco para grandes corpora\u00e7\u00f5es e governos. Ela precisa ser um espa\u00e7o para que pequenas empresas compartilhem suas experi\u00eancias e suas solu\u00e7\u00f5es\u201d, afirmou Lima. <\/p>\n<\/div>\n<div>\n<ul class=\"wp-block-list\">\n<li><em>Participe do Porteira Aberta Empreender: envie perguntas, sugest\u00f5es e conte sua hist\u00f3ria de empreendedorismo pelo\u00a0<\/em><a href=\"https:\/\/api.whatsapp.com\/send?phone=5511932796720&amp;PorteiraAbertaEmpreender=SuaMensagem\"><strong>WhatsApp<\/strong><\/a><\/li>\n<\/ul>\n<p>O presidente do Sebrae citou ainda, alguns projetos que trabalham com a diversidade e sustentabilidade como em Rond\u00f4nia, <a href=\"https:\/\/www.meupedearvore.com.br\/\">Meu P\u00e9 de \u00c1rvore<\/a> que recupera \u00e1reas degradadas com sistemas produtivos. No Par\u00e1, o Viveiro Ardosa cuida da diversidade gen\u00e9tica da floresta. E no Maranh\u00e3o, a Mem\u00f3ria Ancestral desenvolve produtos com base no conhecimento tradicional e na ci\u00eancia.<\/p>\n<p>\u201cMais de 32% dos pequenos neg\u00f3cios no Brasil j\u00e1 adotam pr\u00e1ticas sustent\u00e1veis, trocando o modelo de \u201cextrair e descartar\u201d por um ciclo de reutiliza\u00e7\u00e3o e reaproveitamento. S\u00e3o iniciativas que inspiram, geram renda e fortalecem as comunidades.\u201d<\/p>\n<\/p><\/div>\n<p><br \/>\n<br \/><a href=\"https:\/\/www.canalrural.com.br\/empreendedorismo\/pequenos-negocios-impulsionam-a-sustentabilidade-e-fortalecem-o-brasil-na-cop30\/\">Source link <\/a><\/p>\n","protected":false},"excerpt":{"rendered":"<p>D\u00e9cio Lima, presidente do Sebrae Nacional, publicou um artigo no site da Ag\u00eancia Sebrae de Not\u00edcias (ASN) explicando: \u2018Por que<\/p>\n","protected":false},"author":1,"featured_media":14840,"comment_status":"open","ping_status":"open","sticky":false,"template":"","format":"standard","meta":{"_monsterinsights_skip_tracking":false,"_monsterinsights_sitenote_active":false,"_monsterinsights_sitenote_note":"","_monsterinsights_sitenote_category":0,"_uf_show_specific_survey":0,"_uf_disable_surveys":false,"footnotes":""},"categories":[1],"tags":[],"class_list":["post-14839","post","type-post","status-publish","format-standard","has-post-thumbnail","hentry","category-news"],"_links":{"self":[{"href":"https:\/\/agromt.news\/index.php?rest_route=\/wp\/v2\/posts\/14839"}],"collection":[{"href":"https:\/\/agromt.news\/index.php?rest_route=\/wp\/v2\/posts"}],"about":[{"href":"https:\/\/agromt.news\/index.php?rest_route=\/wp\/v2\/types\/post"}],"author":[{"embeddable":true,"href":"https:\/\/agromt.news\/index.php?rest_route=\/wp\/v2\/users\/1"}],"replies":[{"embeddable":true,"href":"https:\/\/agromt.news\/index.php?rest_route=%2Fwp%2Fv2%2Fcomments&post=14839"}],"version-history":[{"count":0,"href":"https:\/\/agromt.news\/index.php?rest_route=\/wp\/v2\/posts\/14839\/revisions"}],"wp:featuredmedia":[{"embeddable":true,"href":"https:\/\/agromt.news\/index.php?rest_route=\/wp\/v2\/media\/14840"}],"wp:attachment":[{"href":"https:\/\/agromt.news\/index.php?rest_route=%2Fwp%2Fv2%2Fmedia&parent=14839"}],"wp:term":[{"taxonomy":"category","embeddable":true,"href":"https:\/\/agromt.news\/index.php?rest_route=%2Fwp%2Fv2%2Fcategories&post=14839"},{"taxonomy":"post_tag","embeddable":true,"href":"https:\/\/agromt.news\/index.php?rest_route=%2Fwp%2Fv2%2Ftags&post=14839"}],"curies":[{"name":"wp","href":"https:\/\/api.w.org\/{rel}","templated":true}]}}