{"id":14838,"date":"2025-06-09T16:57:41","date_gmt":"2025-06-09T20:57:41","guid":{"rendered":"https:\/\/agromt.news\/?p=14838"},"modified":"2025-06-09T16:57:41","modified_gmt":"2025-06-09T20:57:41","slug":"mercado-segue-volatil-e-cada-centavo-importa","status":"publish","type":"post","link":"https:\/\/agromt.news\/?p=14838","title":{"rendered":"mercado segue vol\u00e1til e cada centavo importa"},"content":{"rendered":"<p> <br \/>\n<\/p>\n<div>\n<div class=\"row\">\n<div class=\"col-lg col-infos mt-0 mt-lg-0\">\n<div class=\"section-sub-title\">\n<p itemprop=\"description\">&#13;<br \/>\n                                Outro ponto de destaque \u00e9 o estoque no Mato Grosso&#13;\n                            <\/p>\n<\/p><\/div>\n<div class=\"container\">\n<div class=\"row\">\n<div class=\"col-lg p-0\">\n<div>\n<div class=\"block-news-main-infos mt-3 text-start\">\n<p>                                            <strong class=\"fn\" itemprop=\"author\" style=\"color: rgb(112, 112, 112); \">&#13;<br \/>\n                                                <a href=\"https:\/\/www.agrolink.com.br\/noticias\/javascript:;\" class=\"text-uppercase\" target=\"_blank\" style=\"color: rgb(112, 112, 112); \" rel=\"noopener\">Agrolink<\/a>&#13;<br \/>\n&#13;<br \/>\n                                                    &#8211; Leonardo Gottems&#13;<br \/>\n&#13;<br \/>\n                                            <\/strong><br \/>\n                                        <\/p>\n<p>                                            <abbr><time datetime=\"2025-06-09T06:47\" itemprop=\"datePublished dateModified\">Publicado em 09\/06\/2025 \u00e0s 06:47h.<\/time><\/abbr><br \/>\n                                            <\/p><\/div>\n<\/p><\/div>\n<\/p><\/div>\n<div class=\"col-lg p-0 text-lg-end\">\n<div>\n<div id=\"mdEnviarPagina\" class=\"modal fade\" role=\"dialog\">\n<div class=\"modal-dialog\">\n<div class=\"modal-content\">\n<div class=\"modal-body\">\n<p><strong>Estimado usu\u00e1rio.<\/strong><br \/>Preencha o formul\u00e1rio abaixo para remeter a p\u00e1gina.<\/p>\n<\/p><\/div>\n<\/p><\/div>\n<\/p><\/div>\n<\/div><\/div>\n<\/p><\/div>\n<\/p><\/div>\n<\/p><\/div>\n<\/p><\/div>\n<\/p><\/div>\n<div class=\"row justify-content-md-center mt-3\">\n<div class=\"col-lg-auto col-image block-news-main-image\">\n<p>                                <img decoding=\"async\" src=\"https:\/\/www.agrolink.com.br\/upload\/imagens-resizes\/83c18057db014f53ae74a7b07f03b1b2_858x483.jpg\" class=\"lazyload img-fluid\" alt=\"Outro ponto de destaque \u00e9 o estoque no Mato Grosso\"\/><br \/>\n                                                <span class=\"d-block mt-1\">Outro ponto de destaque \u00e9 o estoque no Mato Grosso &#8211; Foto: Canva<\/span><\/p><\/div>\n<\/p><\/div>\n<div class=\"section-description section-description-noticias mt-3\">\n<p>Segundo informa\u00e7\u00f5es do Instituto Brasileiro de <a href=\"https:\/\/www.agrolink.com.br\/culturas\/feijao\/?utm_source=agrolink-detalhe-noticia&amp;utm_medium=detalhe-noticia&amp;utm_campaign=links-internos\" target=\"_blank\" rel=\"noopener\">feij\u00e3o<\/a> e Pulses (IBRAFE), acompanhadas dos dados do CEPEA divulgados em 5 de junho de 2025, o mercado do <a href=\"https:\/\/www.agrolink.com.br\/culturas\/feijao\/?utm_source=agrolink-detalhe-noticia&amp;utm_medium=detalhe-noticia&amp;utm_campaign=links-internos\" target=\"_blank\" rel=\"noopener\">feij\u00e3o<\/a>-carioca apresentou movimenta\u00e7\u00f5es contrastantes entre as regi\u00f5es produtoras. Apesar de ainda registrar lentid\u00e3o nas negocia\u00e7\u00f5es, o setor n\u00e3o est\u00e1 parado,\u00a0e cada centavo por saca segue sendo decisivo para o produtor que abastece o prato do brasileiro.&#13;\n<\/p>\n<p>No Noroeste de Minas, o pre\u00e7o subiu 1,72% no dia, chegando a R$ 207,50 por saca, mesmo com retra\u00e7\u00f5es semanais (-1,78%) e mensais (-1,85%). A alta pontual pode sinalizar uma disputa localizada entre compradores ou at\u00e9 mesmo o in\u00edcio de uma revers\u00e3o de tend\u00eancia. A oferta est\u00e1 em ajuste, o que torna essencial acompanhar os pr\u00f3ximos movimentos de mercado com aten\u00e7\u00e3o.<\/p>\n<p>J\u00e1 a Metade Sul do Paran\u00e1 registrou a maior queda di\u00e1ria do pa\u00eds, com recuo de 5,07%, cotando a R$ 187,01\/sc. As quedas acumuladas s\u00e3o expressivas: -7,76% na semana e -2,91% no m\u00eas. A press\u00e3o vendedora intensa pode refletir tanto a necessidade de escoar gr\u00e3os fora do padr\u00e3o \u201ctop\u201d quanto o des\u00e2nimo do produtor frente ao cen\u00e1rio desafiador da comercializa\u00e7\u00e3o local, que continua entre os mais fr\u00e1geis do Brasil.&#13;\n<\/p>\n<p>Outro ponto de destaque \u00e9 o estoque no Mato Grosso: cerca de 200 mil sacas de Feij\u00e3o-carioca da safra anterior, armazenadas em c\u00e2maras frias com 10% de umidade, est\u00e3o sendo vendidas entre R$ 190 e R$ 200 com nota fiscal. Esses volumes seguem principalmente para o Nordeste e Mato Grosso do Sul. J\u00e1 em Itapeva (SP), o Feij\u00e3o-carioca tipo nota 9 a 10 fechou a R$ 277,22 (-1,62% no dia), enquanto na Metade Sul do PR a mesma qualidade atingiu R$ 248,75 com alta de 1,53% no dia e de 5,85% na semana.<\/p>\n<\/p><\/div>\n<\/p><\/div>\n<p><script data-cfasync=\"false\">\n    !function (f, b, e, v, n, t, s) {\n        if (f.fbq) return; n = f.fbq = function () {\n            n.callMethod ?\n                n.callMethod.apply(n, arguments) : n.queue.push(arguments)\n        };\n        if (!f._fbq) f._fbq = n; n.push = n; n.loaded = !0; n.version = '2.0';\n        n.queue = []; t = b.createElement(e); t.async = !0;\n        t.src = v; s = b.getElementsByTagName(e)[0];\n        s.parentNode.insertBefore(t, s)\n    }(window, document, 'script',\n        'https:\/\/connect.facebook.net\/en_US\/fbevents.js');\n    fbq('init', '522546078623747');\n    fbq('track', 'PageView');\n<\/script><br \/>\n<br \/><br \/>\n<br \/><a href=\"https:\/\/www.agrolink.com.br\/noticias\/feijao--mercado-segue-volatil-e-cada-centavo-importa_502705.html\">Source link <\/a><\/p>\n","protected":false},"excerpt":{"rendered":"<p>&#13; Outro ponto de destaque \u00e9 o estoque no Mato Grosso&#13; &#13; Agrolink&#13; &#13; &#8211; Leonardo Gottems&#13; &#13; Publicado em<\/p>\n","protected":false},"author":1,"featured_media":7330,"comment_status":"open","ping_status":"open","sticky":false,"template":"","format":"standard","meta":{"_monsterinsights_skip_tracking":false,"_monsterinsights_sitenote_active":false,"_monsterinsights_sitenote_note":"","_monsterinsights_sitenote_category":0,"_uf_show_specific_survey":0,"_uf_disable_surveys":false,"footnotes":""},"categories":[8,1,14],"tags":[],"class_list":["post-14838","post","type-post","status-publish","format-standard","has-post-thumbnail","hentry","category-agro","category-news","category-politica-agro"],"_links":{"self":[{"href":"https:\/\/agromt.news\/index.php?rest_route=\/wp\/v2\/posts\/14838"}],"collection":[{"href":"https:\/\/agromt.news\/index.php?rest_route=\/wp\/v2\/posts"}],"about":[{"href":"https:\/\/agromt.news\/index.php?rest_route=\/wp\/v2\/types\/post"}],"author":[{"embeddable":true,"href":"https:\/\/agromt.news\/index.php?rest_route=\/wp\/v2\/users\/1"}],"replies":[{"embeddable":true,"href":"https:\/\/agromt.news\/index.php?rest_route=%2Fwp%2Fv2%2Fcomments&post=14838"}],"version-history":[{"count":0,"href":"https:\/\/agromt.news\/index.php?rest_route=\/wp\/v2\/posts\/14838\/revisions"}],"wp:featuredmedia":[{"embeddable":true,"href":"https:\/\/agromt.news\/index.php?rest_route=\/wp\/v2\/media\/7330"}],"wp:attachment":[{"href":"https:\/\/agromt.news\/index.php?rest_route=%2Fwp%2Fv2%2Fmedia&parent=14838"}],"wp:term":[{"taxonomy":"category","embeddable":true,"href":"https:\/\/agromt.news\/index.php?rest_route=%2Fwp%2Fv2%2Fcategories&post=14838"},{"taxonomy":"post_tag","embeddable":true,"href":"https:\/\/agromt.news\/index.php?rest_route=%2Fwp%2Fv2%2Ftags&post=14838"}],"curies":[{"name":"wp","href":"https:\/\/api.w.org\/{rel}","templated":true}]}}