{"id":14836,"date":"2025-06-09T16:03:08","date_gmt":"2025-06-09T20:03:08","guid":{"rendered":"https:\/\/agromt.news\/?p=14836"},"modified":"2025-06-09T16:03:08","modified_gmt":"2025-06-09T20:03:08","slug":"exportacao-de-carne-bovina-avanca-335-e-a-de-aves-recua-12-em-junho","status":"publish","type":"post","link":"https:\/\/agromt.news\/?p=14836","title":{"rendered":"Exporta\u00e7\u00e3o de carne bovina avan\u00e7a 33,5% e a de aves recua 12% em junho"},"content":{"rendered":"<p> <br \/>\n<br \/><img decoding=\"async\" src=\"https:\/\/agromt.news\/wp-content\/uploads\/2025\/06\/Exportacao-de-carne-bovina-avanca-335-e-a-de-aves.jpg\" \/><\/p>\n<div>\n<p>A Secretaria de Com\u00e9rcio Exterior (Secex) divulgou nesta segunda-feira (9) os volumes totais, m\u00e9dias di\u00e1rias e receitas das exporta\u00e7\u00f5es do complexo carne brasileiro (aves, su\u00edna e bovina) nos primeiros cinco dias \u00fateis de junho. <\/p>\n<p>Enquanto os embarques das prote\u00ednas do boi e do porco subiram, as de franco ca\u00edram, decr\u00e9scimo causado pelos embargos de compras de mais de 40 pa\u00edses em decorr\u00eancia da gripe avi\u00e1ria identificada em granja comercial de Montenegro, no <strong><a href=\"https:\/\/www.canalrural.com.br\/nacional\/rio-grande-do-sul\/\">Rio Grande do Sul<\/a><\/strong>.<\/p>\n<p>Acompanhe os n\u00fameros:<\/p>\n<h2 class=\"wp-block-heading\" id=\"h-exportacoes-de-carne-de-aves\">Exporta\u00e7\u00f5es de carne de aves<\/h2>\n<p>As exporta\u00e7\u00f5es de carne de aves e suas miudezas comest\u00edveis, frescas, refrigeradas ou congeladas do Brasil renderam US$ 160,833 milh\u00f5es em junho, com m\u00e9dia di\u00e1ria de US$ 32,166 milh\u00f5es. <\/p>\n<p>A quantidade total exportada pelo pa\u00eds chega a 89,765 mil toneladas, com m\u00e9dia di\u00e1ria de 17,953 mil toneladas. O pre\u00e7o m\u00e9dio da tonelada ficou em US$ 1.791,7.<\/p>\n<p>Em rela\u00e7\u00e3o ao mesmo per\u00edodo de junho de 2024 (cinco dias \u00fateis): <\/p>\n<ul class=\"wp-block-list\">\n<li>Recuo de <strong>11,7%<\/strong> no valor m\u00e9dio di\u00e1rio;<\/li>\n<li>Baixa de <strong>12%<\/strong> na quantidade m\u00e9dia di\u00e1ria;<\/li>\n<li>Valoriza\u00e7\u00e3o de <strong>0,4%<\/strong> no pre\u00e7o m\u00e9dio. <\/li>\n<\/ul>\n<\/div>\n<div>\n<h2 class=\"wp-block-heading\" id=\"h-embarques-de-proteina-bovina\">Embarques de prote\u00edna bovina<\/h2>\n<p>As exporta\u00e7\u00f5es de carne bovina fresca, congelada ou refrigerada do Brasil renderam US$ 344,709 milh\u00f5es em junho (5 dias \u00fateis), com m\u00e9dia di\u00e1ria de US$ 68,942 milh\u00f5es. <\/p>\n<p>A quantidade total exportada pelo pa\u00eds chegou a 64,225 mil toneladas, com m\u00e9dia di\u00e1ria de 12,845 mil toneladas. O pre\u00e7o m\u00e9dio da tonelada ficou em US$ 5.367,20.<\/p>\n<p>Em rela\u00e7\u00e3o a junho de 2024:<\/p>\n<ul class=\"wp-block-list\">\n<li>Alta de <strong>60,4%<\/strong> no valor m\u00e9dio di\u00e1rio; <\/li>\n<li>Ganho de <strong>33,5%<\/strong> na quantidade m\u00e9dia di\u00e1ria exportada;<\/li>\n<li>Avan\u00e7o de <strong>20,2%<\/strong> no pre\u00e7o m\u00e9dio.<\/li>\n<\/ul>\n<h2 class=\"wp-block-heading\" id=\"h-vendas-de-carne-suina\">Vendas de carne su\u00edna<\/h2>\n<p>As vendas para destinos internacionais de carne su\u00edna <em>\u201cin natura\u201d<\/em> do Brasil renderam US$ 65,296 milh\u00f5es em junho (5 dias \u00fateis), com m\u00e9dia di\u00e1ria de US$13,059 milh\u00f5es. <\/p>\n<p>A quantidade total exportada pelo pa\u00eds no per\u00edodo chegou a 24,938 mil toneladas, com m\u00e9dia di\u00e1ria de 4,897 mil toneladas. O pre\u00e7o m\u00e9dio ficou em US$2.618,3.<\/p>\n<p>Em rela\u00e7\u00e3o a junho de 2024, os n\u00fameros foram os seguintes:<\/p>\n<ul class=\"wp-block-list\">\n<li>Alta de <strong>18%<\/strong> no valor m\u00e9dio di\u00e1rio;<\/li>\n<li>Avan\u00e7o de <strong>6,4%<\/strong> na quantidade m\u00e9dia di\u00e1ria;<\/li>\n<li>Alta de <strong>10,9%<\/strong> no pre\u00e7o m\u00e9dio<\/li>\n<\/ul><\/div>\n<p><br \/>\n<br \/><a href=\"https:\/\/www.canalrural.com.br\/aves-e-suinos\/exportacao-de-carne-bovina-avanca-335-e-a-de-aves-recua-12-em-junho\/\">Source link <\/a><\/p>\n","protected":false},"excerpt":{"rendered":"<p>A Secretaria de Com\u00e9rcio Exterior (Secex) divulgou nesta segunda-feira (9) os volumes totais, m\u00e9dias di\u00e1rias e receitas das exporta\u00e7\u00f5es do<\/p>\n","protected":false},"author":1,"featured_media":14837,"comment_status":"open","ping_status":"open","sticky":false,"template":"","format":"standard","meta":{"_monsterinsights_skip_tracking":false,"_monsterinsights_sitenote_active":false,"_monsterinsights_sitenote_note":"","_monsterinsights_sitenote_category":0,"_uf_show_specific_survey":0,"_uf_disable_surveys":false,"footnotes":""},"categories":[1],"tags":[],"class_list":["post-14836","post","type-post","status-publish","format-standard","has-post-thumbnail","hentry","category-news"],"_links":{"self":[{"href":"https:\/\/agromt.news\/index.php?rest_route=\/wp\/v2\/posts\/14836"}],"collection":[{"href":"https:\/\/agromt.news\/index.php?rest_route=\/wp\/v2\/posts"}],"about":[{"href":"https:\/\/agromt.news\/index.php?rest_route=\/wp\/v2\/types\/post"}],"author":[{"embeddable":true,"href":"https:\/\/agromt.news\/index.php?rest_route=\/wp\/v2\/users\/1"}],"replies":[{"embeddable":true,"href":"https:\/\/agromt.news\/index.php?rest_route=%2Fwp%2Fv2%2Fcomments&post=14836"}],"version-history":[{"count":0,"href":"https:\/\/agromt.news\/index.php?rest_route=\/wp\/v2\/posts\/14836\/revisions"}],"wp:featuredmedia":[{"embeddable":true,"href":"https:\/\/agromt.news\/index.php?rest_route=\/wp\/v2\/media\/14837"}],"wp:attachment":[{"href":"https:\/\/agromt.news\/index.php?rest_route=%2Fwp%2Fv2%2Fmedia&parent=14836"}],"wp:term":[{"taxonomy":"category","embeddable":true,"href":"https:\/\/agromt.news\/index.php?rest_route=%2Fwp%2Fv2%2Fcategories&post=14836"},{"taxonomy":"post_tag","embeddable":true,"href":"https:\/\/agromt.news\/index.php?rest_route=%2Fwp%2Fv2%2Ftags&post=14836"}],"curies":[{"name":"wp","href":"https:\/\/api.w.org\/{rel}","templated":true}]}}