{"id":14831,"date":"2025-06-09T15:15:32","date_gmt":"2025-06-09T19:15:32","guid":{"rendered":"https:\/\/agromt.news\/?p=14831"},"modified":"2025-06-09T15:15:32","modified_gmt":"2025-06-09T19:15:32","slug":"quem-paga-a-conta-do-desastre-fiscal","status":"publish","type":"post","link":"https:\/\/agromt.news\/?p=14831","title":{"rendered":"quem paga a conta do desastre fiscal"},"content":{"rendered":"<p> <br \/>\n<\/p>\n<div>\n<p>Enquanto o Brasil enfrenta um rombo fiscal crescente e se discute como conter os gastos p\u00fablicos, o Congresso Nacional demonstra, mais uma vez, que prefere sacrificar o que sustenta a economia a mexer em seus pr\u00f3prios privil\u00e9gios.<\/p>\n<p>Uma consulta feita pelo <em>O Estado de S. Paulo<\/em> e destacada pela revista <em>Veja <\/em>revela as seis medidas mais apoiadas por deputados e senadores para cortar despesas. Entre elas, o <strong><a href=\"http:\/\/www.canalrural.com.br\/tag\/plano-safra\/\">Plano Safra<\/a><\/strong> \u2014 essencial para garantir cr\u00e9dito a produtores rurais \u2014 aparece como a segunda mais citada pelos deputados para ser cortada.<\/p>\n<p>Sim, o mesmo Plano Safra que ajuda a colocar comida no prato dos brasileiros e que impulsiona o \u00fanico setor que ainda puxa o crescimento do pa\u00eds: o agro.<\/p>\n<h2 class=\"wp-block-heading\" id=\"h-plano-safra-na-mira-privilegios-intactos\">Plano Safra na mira, privil\u00e9gios intactos<\/h2>\n<p>\u00c9 estarrecedor que, em plena crise clim\u00e1tica no Rio Grande do Sul, onde produtores perderam lavouras inteiras e acumulam d\u00edvidas que somam mais de R$ 100 bilh\u00f5es, a resposta do Congresso seja cortar cr\u00e9dito rural, e n\u00e3o propor solu\u00e7\u00f5es estruturantes ou emergenciais.<\/p>\n<p>Enquanto isso, os sal\u00e1rios e benef\u00edcios dos pr\u00f3prios parlamentares continuam intactos:<\/p>\n<ul class=\"wp-block-list\">\n<li>Um deputado federal custa cerca de R$ 300 mil por m\u00eas aos cofres p\u00fablicos.<\/li>\n<li>Um senador custa em m\u00e9dia R$ 700 mil por m\u00eas.<\/li>\n<li>O Congresso administra um or\u00e7amento bilion\u00e1rio de R$ 60 bilh\u00f5es em emendas parlamentares por ano.<\/li>\n<li>Em 2027, o governo j\u00e1 admite que ter\u00e1 que pegar dinheiro emprestado para pagar essas emendas.<\/li>\n<\/ul>\n<p>Ou seja: o agro pode perder recursos que geram produtividade e renda, mas as benesses pol\u00edticas e eleitorais continuam garantidas no cheque especial do Tesouro Nacional.<\/p>\n<h2 class=\"wp-block-heading\" id=\"h-cortar-o-que-funciona-preservar-o-que-pesa\">Cortar o que funciona, preservar o que pesa<\/h2>\n<p>A consulta feita pelo <em>Estad\u00e3o<\/em> mostra que, para a maioria dos parlamentares, \u00e9 mais f\u00e1cil penalizar o setor produtivo do que rever o custo do pr\u00f3prio sistema pol\u00edtico. \u00c9 uma invers\u00e3o de prioridades que revela a incapacidade \u2014 ou a falta de vontade \u2014 de cortar na carne do poder.<\/p>\n<\/div>\n<div>\n<p>Outras propostas, como rever sal\u00e1rios de servidores de elite, cortar penduricalhos no Judici\u00e1rio ou reduzir benef\u00edcios do Legislativo, nem sequer entraram nas principais listas de corte.<\/p>\n<h2 class=\"wp-block-heading\" id=\"h-o-agro-o-unico-setor-que-entrega-mas-que-apanha\">O agro: o \u00fanico setor que entrega, mas que apanha<\/h2>\n<p>O agro responde por quase 25% do PIB brasileiro, lidera as exporta\u00e7\u00f5es e gera super\u00e1vit comercial ano ap\u00f3s ano. E o que recebe em troca?<\/p>\n<ul class=\"wp-block-list\">\n<li>Log\u00edstica prec\u00e1ria.<\/li>\n<li>Seguro rural ineficiente.<\/li>\n<li>Inseguran\u00e7a jur\u00eddica com invas\u00f5es de terra.<\/li>\n<li>Agora, amea\u00e7a de cortes no financiamento via Plano Safra.<\/li>\n<\/ul>\n<p>Enquanto isso, setores que pouco produzem continuam sendo sustentados por um Estado caro, lento e, muitas vezes, ineficiente.<\/p>\n<h2 class=\"wp-block-heading\" id=\"h-conclusao-chega-de-sacrificar-quem-produz\">Conclus\u00e3o: chega de sacrificar quem produz<\/h2>\n<p>O que est\u00e1 em jogo \u00e9 mais do que n\u00fameros no Or\u00e7amento \u2014 \u00e9 uma escolha de pa\u00eds.<br \/>Vamos continuar punindo o setor que alimenta o Brasil e sustenta nossa balan\u00e7a comercial para manter os privil\u00e9gios da pol\u00edtica?<\/p>\n<p>Se o Congresso Nacional quer responsabilidade fiscal de verdade, que comece por onde h\u00e1 gordura: sal\u00e1rios milion\u00e1rios, aux\u00edlios desnecess\u00e1rios, estruturas inchadas e emendas eleitoreiras. N\u00e3o pelo setor que trabalha de sol a sol, endividado e desamparado, como os produtores do Rio Grande do Sul.<\/p>\n<p>O Brasil n\u00e3o pode aceitar que os incapazes de governar com responsabilidade exijam sacrif\u00edcios dos que ainda sustentam a economia.<\/p>\n<div class=\"wp-block-media-text is-stacked-on-mobile\">\n<figure class=\"wp-block-media-text__media\"><img fetchpriority=\"high\" decoding=\"async\" width=\"683\" height=\"1024\" src=\"https:\/\/agromt.news\/wp-content\/uploads\/2025\/04\/Como-guerras-e-crises-moldaram-o-preco-das-commodities-nos.jpg\" alt=\"Miguel Daoud\" class=\"wp-image-4095706 size-full\"  \/><\/figure>\n<div class=\"wp-block-media-text__content\">\n<p class=\"has-text-align-center\"><em><strong>Miguel Daoud<\/strong>\u00a0\u00e9 comentarista de Economia e Pol\u00edtica\u00a0do Canal Rural<\/em><\/p>\n<\/div>\n<\/div>\n<hr class=\"wp-block-separator has-alpha-channel-opacity\"\/>\n<p><em>O\u00a0<strong>Canal Rural<\/strong>\u00a0n\u00e3o se responsabiliza pelas opini\u00f5es e conceitos emitidos nos textos desta sess\u00e3o, sendo os conte\u00fados de inteira responsabilidade de seus autores. A empresa se reserva o direito de fazer ajustes no texto para adequa\u00e7\u00e3o \u00e0s normas de publica\u00e7\u00e3o.<\/em><\/p>\n<\/p><\/div>\n<p><br \/>\n<br \/><a href=\"https:\/\/www.canalrural.com.br\/opiniao-noticias\/cortam-do-agro-mas-nao-cortam-da-elite-politica-quem-paga-a-conta-do-desastre-fiscal\/\">Source link <\/a><\/p>\n","protected":false},"excerpt":{"rendered":"<p>Enquanto o Brasil enfrenta um rombo fiscal crescente e se discute como conter os gastos p\u00fablicos, o Congresso Nacional demonstra,<\/p>\n","protected":false},"author":1,"featured_media":14832,"comment_status":"open","ping_status":"open","sticky":false,"template":"","format":"standard","meta":{"_monsterinsights_skip_tracking":false,"_monsterinsights_sitenote_active":false,"_monsterinsights_sitenote_note":"","_monsterinsights_sitenote_category":0,"_uf_show_specific_survey":0,"_uf_disable_surveys":false,"footnotes":""},"categories":[1],"tags":[],"class_list":["post-14831","post","type-post","status-publish","format-standard","has-post-thumbnail","hentry","category-news"],"_links":{"self":[{"href":"https:\/\/agromt.news\/index.php?rest_route=\/wp\/v2\/posts\/14831"}],"collection":[{"href":"https:\/\/agromt.news\/index.php?rest_route=\/wp\/v2\/posts"}],"about":[{"href":"https:\/\/agromt.news\/index.php?rest_route=\/wp\/v2\/types\/post"}],"author":[{"embeddable":true,"href":"https:\/\/agromt.news\/index.php?rest_route=\/wp\/v2\/users\/1"}],"replies":[{"embeddable":true,"href":"https:\/\/agromt.news\/index.php?rest_route=%2Fwp%2Fv2%2Fcomments&post=14831"}],"version-history":[{"count":0,"href":"https:\/\/agromt.news\/index.php?rest_route=\/wp\/v2\/posts\/14831\/revisions"}],"wp:featuredmedia":[{"embeddable":true,"href":"https:\/\/agromt.news\/index.php?rest_route=\/wp\/v2\/media\/14832"}],"wp:attachment":[{"href":"https:\/\/agromt.news\/index.php?rest_route=%2Fwp%2Fv2%2Fmedia&parent=14831"}],"wp:term":[{"taxonomy":"category","embeddable":true,"href":"https:\/\/agromt.news\/index.php?rest_route=%2Fwp%2Fv2%2Fcategories&post=14831"},{"taxonomy":"post_tag","embeddable":true,"href":"https:\/\/agromt.news\/index.php?rest_route=%2Fwp%2Fv2%2Ftags&post=14831"}],"curies":[{"name":"wp","href":"https:\/\/api.w.org\/{rel}","templated":true}]}}