{"id":1483,"date":"2024-09-12T15:41:07","date_gmt":"2024-09-12T19:41:07","guid":{"rendered":"https:\/\/agromt.news\/?p=1483"},"modified":"2024-09-12T15:41:07","modified_gmt":"2024-09-12T19:41:07","slug":"paquistao-e-vietna-lideram-compras-de-algodao-de-mt","status":"publish","type":"post","link":"https:\/\/agromt.news\/?p=1483","title":{"rendered":"Paquist\u00e3o e Vietn\u00e3 lideram compras de algod\u00e3o de MT"},"content":{"rendered":"<p> <br \/>\n<\/p>\n<div>\n<div class=\"row\">\n<div class=\"col-lg col-infos mt-3 mt-lg-0\">\n<div class=\"section-sub-title\">\n<p itemprop=\"description\">\nSegundo maior volume registrado para o m\u00eas de agosto na hist\u00f3ria\n<\/p>\n<\/div>\n<div class=\"container\">\n<div class=\"row\">\n<div class=\"col-lg p-0\">\n<div>\n<div class=\"block-news-main-infos mt-3 text-start\">\n<strong class=\"fn\" itemprop=\"author\" style=\"color: rgb(112, 112, 112); \"><br \/>\n<a href=\"https:\/\/www.agrolink.com.br\/noticias\/javascript:;\" class=\"text-uppercase\" target=\"_blank\" style=\"color: rgb(112, 112, 112); \" rel=\"noopener\">Agrolink<\/a><br \/>\n&#8211; Aline Merladete<br \/>\n<\/strong><br \/>\n<br \/>\n<abbr><time datetime=\"2024-09-12T16:00\" itemprop=\"datePublished dateModified\">Publicado em 12\/09\/2024 \u00e0s 16:00h.<\/time><\/abbr>\n<\/div>\n<\/div>\n<\/div>\n<div class=\"col-lg p-0 text-lg-end\">\n<div>\n<div id=\"mdEnviarPagina\" class=\"modal fade\" role=\"dialog\">\n<div class=\"modal-dialog\">\n<div class=\"modal-content\">\n<div class=\"modal-body\">\n<p><strong>Estimado usu\u00e1rio.<\/strong><br \/>Preencha o formul\u00e1rio abaixo para remeter a p\u00e1gina.<\/p>\n<\/div>\n<\/div>\n<\/div>\n<\/div>\n<\/div>\n<\/div>\n<\/div>\n<\/div>\n<\/div>\n<\/div>\n<div class=\"row justify-content-md-center mt-3\">\n<div class=\"col-lg-auto col-image  block-news-main-image d-none d-md-block\">\n<img decoding=\"async\" src=\"https:\/\/www.agrolink.com.br\/upload\/imagens-resizes\/c719b00198224e81a36e0f5d0b5576b1_858x483.jpg\" class=\"lazyload\"\/><br \/>\n<span class=\"publicity-photo d-block mt-1\">Foto: Canva<\/span>\n<\/div>\n<\/div>\n<div class=\"section-description section-description-noticias mt-3\">\n<p style=\"text-align:justify\">Segundo dados do Instituto Mato-grossense de Economia Agropecu\u00e1ria (Imea), agosto de 2024 marcou o in\u00edcio do ciclo de exporta\u00e7\u00f5es da safra 23\/24, com Mato Grosso respondendo por 57,17% dos embarques nacionais de <a href=\"https:\/\/www.agrolink.com.br\/culturas\/algodao\/\" target=\"_blank\" rel=\"noopener\">algod\u00e3o<\/a>. O estado exportou 63,89 mil toneladas, o segundo maior volume registrado para o m\u00eas de agosto na hist\u00f3ria.\n<\/p>\n<p style=\"text-align:justify\">Os principais destinos da pluma mato-grossense foram o Paquist\u00e3o, com 14,19 mil toneladas, e o Vietn\u00e3, com 12,96 mil toneladas. J\u00e1 as negocia\u00e7\u00f5es com a China t\u00eam se mostrado t\u00edmidas nas \u00faltimas semanas, ap\u00f3s o governo chin\u00eas reduzir a cota de importa\u00e7\u00f5es de <a href=\"https:\/\/www.agrolink.com.br\/culturas\/algodao\/\" target=\"_blank\" rel=\"noopener\">algod\u00e3o<\/a> em uma tentativa de estabilizar os pre\u00e7os internos e apoiar seus produtores.\n<\/p>\n<p style=\"text-align:justify\">Apesar desse cen\u00e1rio, o Imea projeta que as exporta\u00e7\u00f5es de algod\u00e3o de Mato Grosso superem as do ciclo 22\/23, alcan\u00e7ando um recorde de 1,79 milh\u00e3o de toneladas na safra 23\/24.<\/p>\n<\/div>\n<\/div>\n<p><script data-cfasync=\"false\">\n    !function (f, b, e, v, n, t, s) {\n        if (f.fbq) return; n = f.fbq = function () {\n            n.callMethod ?\n                n.callMethod.apply(n, arguments) : n.queue.push(arguments)\n        };\n        if (!f._fbq) f._fbq = n; n.push = n; n.loaded = !0; n.version = '2.0';\n        n.queue = []; t = b.createElement(e); t.async = !0;\n        t.src = v; s = b.getElementsByTagName(e)[0];\n        s.parentNode.insertBefore(t, s)\n    }(window, document, 'script',\n        'https:\/\/connect.facebook.net\/en_US\/fbevents.js');\n    fbq('init', '522546078623747');\n    fbq('track', 'PageView');\n<\/script><br \/>\n<br \/><br \/>\n<br \/><a href=\"https:\/\/www.agrolink.com.br\/noticias\/paquistao-e-vietna-lideram-compras-de-algodao-de-mt_494904.html\">Source link <\/a><\/p>\n","protected":false},"excerpt":{"rendered":"<p>Segundo maior volume registrado para o m\u00eas de agosto na hist\u00f3ria Agrolink &#8211; Aline Merladete Publicado em 12\/09\/2024 \u00e0s 16:00h.<\/p>\n","protected":false},"author":1,"featured_media":1484,"comment_status":"open","ping_status":"open","sticky":false,"template":"","format":"standard","meta":{"_monsterinsights_skip_tracking":false,"_monsterinsights_sitenote_active":false,"_monsterinsights_sitenote_note":"","_monsterinsights_sitenote_category":0,"_uf_show_specific_survey":0,"_uf_disable_surveys":false,"footnotes":""},"categories":[8,1,14],"tags":[],"class_list":["post-1483","post","type-post","status-publish","format-standard","has-post-thumbnail","hentry","category-agro","category-news","category-politica-agro"],"_links":{"self":[{"href":"https:\/\/agromt.news\/index.php?rest_route=\/wp\/v2\/posts\/1483"}],"collection":[{"href":"https:\/\/agromt.news\/index.php?rest_route=\/wp\/v2\/posts"}],"about":[{"href":"https:\/\/agromt.news\/index.php?rest_route=\/wp\/v2\/types\/post"}],"author":[{"embeddable":true,"href":"https:\/\/agromt.news\/index.php?rest_route=\/wp\/v2\/users\/1"}],"replies":[{"embeddable":true,"href":"https:\/\/agromt.news\/index.php?rest_route=%2Fwp%2Fv2%2Fcomments&post=1483"}],"version-history":[{"count":0,"href":"https:\/\/agromt.news\/index.php?rest_route=\/wp\/v2\/posts\/1483\/revisions"}],"wp:featuredmedia":[{"embeddable":true,"href":"https:\/\/agromt.news\/index.php?rest_route=\/wp\/v2\/media\/1484"}],"wp:attachment":[{"href":"https:\/\/agromt.news\/index.php?rest_route=%2Fwp%2Fv2%2Fmedia&parent=1483"}],"wp:term":[{"taxonomy":"category","embeddable":true,"href":"https:\/\/agromt.news\/index.php?rest_route=%2Fwp%2Fv2%2Fcategories&post=1483"},{"taxonomy":"post_tag","embeddable":true,"href":"https:\/\/agromt.news\/index.php?rest_route=%2Fwp%2Fv2%2Ftags&post=1483"}],"curies":[{"name":"wp","href":"https:\/\/api.w.org\/{rel}","templated":true}]}}