{"id":14827,"date":"2025-06-09T14:46:43","date_gmt":"2025-06-09T18:46:43","guid":{"rendered":"https:\/\/agromt.news\/?p=14827"},"modified":"2025-06-09T14:46:43","modified_gmt":"2025-06-09T18:46:43","slug":"agricultores-do-mundo-reunidos-farao-mais-pelo-mundo-do-que-as-vas-filosofias","status":"publish","type":"post","link":"https:\/\/agromt.news\/?p=14827","title":{"rendered":"Agricultores do mundo reunidos far\u00e3o mais pelo mundo do que as v\u00e3s filosofias"},"content":{"rendered":"<p> <br \/>\n<\/p>\n<div>\n<p>Na visita do presidente Lula a <strong><a href=\"http:\/\/www.canalrural.com.br\/tag\/franca\/\">Fran\u00e7a<\/a><\/strong>, numa entrevista ao lado do presidente Macron, este disse que precisava proteger seus agricultores para que pudessem competir em condi\u00e7\u00f5es de igualdade nas exig\u00eancias ambientais, florestais e uso de insumos.<\/p>\n<p>E o presidente Lula disse que as nossas agriculturas Brasil e Fran\u00e7a n\u00e3o s\u00e3o advers\u00e1rias e, sim, complementares. Mas uma das suas frases passou despercebida. <em>\u201cEn passant\u201d<\/em>, disse: \u201cQue os agricultores da Fran\u00e7a conversem com os do Brasil\u201d.<\/p>\n<p>Excelente. N\u00e3o sei se saiu sem querer, mas a\u00ed est\u00e1 o ponto \u00f3timo para este nosso coment\u00e1rio. Sim, sem d\u00favida, se os agricultores unidos tratarem de seguran\u00e7a alimentar, ambiental, social trazendo tamb\u00e9m suas cooperativas, sem d\u00favida o n\u00edvel da conversa seria elevada, pois n\u00e3o temos um problema de competi\u00e7\u00e3o entre os agricultores dos pa\u00edses, dentro deles e do mundo.<\/p>\n<p>Temos, sim, desafios gigantescos de seguran\u00e7a alimentar para todos os povos de todas as na\u00e7\u00f5es, agora o alimento integrado a energia, isso com aspectos comprovados de seguran\u00e7a ambiental, clim\u00e1tica, resgate de carbono, metano e de prosperidade social e econ\u00f4mica, com os agricultores no centro das mesas das cadeias produtivas, com os seus milh\u00f5es de <em>terroirs.<\/em><\/p>\n<p>Cerca de 43% da popula\u00e7\u00e3o mundial vive em \u00e1reas rurais, e a outra parte vive em \u00e1reas urbanas dependente do que faremos no mundo com as \u00e1reas verdes e tamb\u00e9m azuis da economia do mar, as algas. por exemplo, al\u00e9m de como transformar as estruturas urbanas em ambientes verdes, e a mobilidade limpa.<\/p>\n<p>Tem muita \u201cfilosofia\u201d envolvendo os agricultores do mundo, e a grande maioria carregada de ideologias egologias, a imensa maioria v\u00e3s, polariza\u00e7\u00f5es dividindo o mundo. Palavra v\u00e3, nos fazendo lembrar do personagem Hamlet de William Shakespeare: \u201ch\u00e1 mais coisas entre o c\u00e9u e a terra do que sonha nossa v\u00e3 filosofia\u201d.<\/p>\n<\/div>\n<div>\n<p>Existe a World Farmers Organisation (WFO), uma organiza\u00e7\u00e3o mundial que tem por miss\u00e3o reunir todos os agricultores do mundo, de todos os lugares, tamanho e com toda a sua diversidade. A sede fica em Roma e tem como miss\u00e3o superior \u201cseguran\u00e7a alimentar com os agricultores tendo um papel vital. Os agricultores com experi\u00eancias de solu\u00e7\u00f5es pr\u00e1ticas trazem seguran\u00e7a dos alimentos, protegem pessoas e o planeta e asseguram meios de subsist\u00eancia\u201d.<\/p>\n<p>De fato, num mundo dividido e polarizado, com pol\u00edticos usando os agricultores como estrat\u00e9gia de votos, al\u00e9m das m\u00faltiplas v\u00e3s filosofias impulsionadas pelas redes sociais do planeta onde j\u00e1 temos mais celulares do que habitantes, o presidente Lula, sem querer ou n\u00e3o acertou: \u201cQue os agricultores conversem entre si, franceses e brasileiros e, sem d\u00favida, podemos acrescentar do mundo inteiro\u201d.<\/p>\n<p>Esta vis\u00e3o: \u201cagricultores do mundo reunidos far\u00e3o mais pelo mundo do que as v\u00e3s filosofias, com ou sem Hamlet, Shakespeare\u201d, mas como o prof. dr. Ray Goldberg de Harvard, criador do conceito de agribusiness nos anos 1950, me disse numa recente entrevista: \u201cA miss\u00e3o mais importante dos l\u00edderes do sistema agroalimentar \u00e9 reunir o mundo num s\u00f3, ele est\u00e1 dividido e polarizado, e o alimento tem a condi\u00e7\u00e3o de nos unir a todos\u201d.<\/p>\n<p>A World Farmers Organisation tem a brasileira Mariana Arag\u00e3o pesquisadora da Embrapa e tamb\u00e9m agora com a ades\u00e3o da CNA. Em novembro haver\u00e1 um Summit em S\u00e3o Paulo da organiza\u00e7\u00e3o mundial dos agricultores, pr\u00e9 COP30.<\/p>\n<p>\u00d3timo momento para colocar os agricultores do mundo resolvendo entre si as quest\u00f5es competitivas, pois, sem d\u00favida, ser\u00e3o estupidamente mais coooperativas do que uns contra os outros.<\/p>\n<p>Agricultores do mundo com agricultores do mundo se entender\u00e3o muito melhor. WFO existe!<\/p>\n<div class=\"wp-block-media-text is-stacked-on-mobile\">\n<figure class=\"wp-block-media-text__media\"><img fetchpriority=\"high\" decoding=\"async\" width=\"982\" height=\"1024\" src=\"https:\/\/agromt.news\/wp-content\/uploads\/2025\/05\/Antes-e-pos-porteira-das-fazendas-crescem-no-primeiro-trimestre-do.png\" alt=\"\" class=\"wp-image-4103023 size-full\"  \/><\/figure>\n<div class=\"wp-block-media-text__content\">\n<p>*Jos\u00e9<strong>\u00a0Luiz\u00a0Tejon<\/strong><em>\u00a0\u00e9\u00a0jornalista e publicit\u00e1rio,\u00a0doutor em Educa\u00e7\u00e3o pela Universidad de La Empresa\/Uruguai e mestre em Educa\u00e7\u00e3o Arte e Hist\u00f3ria da Cultura pela Universidade Mackenzie.<\/em><\/p>\n<\/div>\n<\/div>\n<hr class=\"wp-block-separator has-alpha-channel-opacity\"\/>\n<p><em>O\u00a0<strong>Canal Rural<\/strong>\u00a0n\u00e3o se responsabiliza pelas opini\u00f5es e conceitos emitidos nos textos desta sess\u00e3o, sendo os conte\u00fados de inteira responsabilidade de seus autores. A empresa se reserva o direito de fazer ajustes no texto para adequa\u00e7\u00e3o \u00e0s normas de publica\u00e7\u00e3o.<\/em><\/p>\n<\/p><\/div>\n<p><br \/>\n<br \/><a href=\"https:\/\/www.canalrural.com.br\/opiniao-noticias\/agricultores-do-mundo-reunidos-farao-mais-pelo-mundo-do-que-as-vas-filosofias\/\">Source link <\/a><\/p>\n","protected":false},"excerpt":{"rendered":"<p>Na visita do presidente Lula a Fran\u00e7a, numa entrevista ao lado do presidente Macron, este disse que precisava proteger seus<\/p>\n","protected":false},"author":1,"featured_media":14828,"comment_status":"open","ping_status":"open","sticky":false,"template":"","format":"standard","meta":{"_monsterinsights_skip_tracking":false,"_monsterinsights_sitenote_active":false,"_monsterinsights_sitenote_note":"","_monsterinsights_sitenote_category":0,"_uf_show_specific_survey":0,"_uf_disable_surveys":false,"footnotes":""},"categories":[1],"tags":[],"class_list":["post-14827","post","type-post","status-publish","format-standard","has-post-thumbnail","hentry","category-news"],"_links":{"self":[{"href":"https:\/\/agromt.news\/index.php?rest_route=\/wp\/v2\/posts\/14827"}],"collection":[{"href":"https:\/\/agromt.news\/index.php?rest_route=\/wp\/v2\/posts"}],"about":[{"href":"https:\/\/agromt.news\/index.php?rest_route=\/wp\/v2\/types\/post"}],"author":[{"embeddable":true,"href":"https:\/\/agromt.news\/index.php?rest_route=\/wp\/v2\/users\/1"}],"replies":[{"embeddable":true,"href":"https:\/\/agromt.news\/index.php?rest_route=%2Fwp%2Fv2%2Fcomments&post=14827"}],"version-history":[{"count":0,"href":"https:\/\/agromt.news\/index.php?rest_route=\/wp\/v2\/posts\/14827\/revisions"}],"wp:featuredmedia":[{"embeddable":true,"href":"https:\/\/agromt.news\/index.php?rest_route=\/wp\/v2\/media\/14828"}],"wp:attachment":[{"href":"https:\/\/agromt.news\/index.php?rest_route=%2Fwp%2Fv2%2Fmedia&parent=14827"}],"wp:term":[{"taxonomy":"category","embeddable":true,"href":"https:\/\/agromt.news\/index.php?rest_route=%2Fwp%2Fv2%2Fcategories&post=14827"},{"taxonomy":"post_tag","embeddable":true,"href":"https:\/\/agromt.news\/index.php?rest_route=%2Fwp%2Fv2%2Ftags&post=14827"}],"curies":[{"name":"wp","href":"https:\/\/api.w.org\/{rel}","templated":true}]}}