{"id":14819,"date":"2025-06-09T11:02:15","date_gmt":"2025-06-09T15:02:15","guid":{"rendered":"https:\/\/agromt.news\/?p=14819"},"modified":"2025-06-09T11:02:15","modified_gmt":"2025-06-09T15:02:15","slug":"pesquisador-brasileiro-ira-cooperar-na-etiopia","status":"publish","type":"post","link":"https:\/\/agromt.news\/?p=14819","title":{"rendered":"Pesquisador brasileiro ir\u00e1 cooperar na Eti\u00f3pia"},"content":{"rendered":"<p> <br \/>\n<\/p>\n<div>\n<div class=\"row\">\n<div class=\"col-lg col-infos mt-0 mt-lg-0\">\n<div class=\"section-sub-title\">\n<p itemprop=\"description\">&#13;<br \/>\n                                Miranda \u00e9 engenheiro agr\u00f4nomo pela Universidade Estadual de Londrina&#13;\n                            <\/p>\n<\/p><\/div>\n<div class=\"container\">\n<div class=\"row\">\n<div class=\"col-lg p-0\">\n<div>\n<div class=\"block-news-main-infos mt-3 text-start\">\n<p>                                            <strong class=\"fn\" itemprop=\"author\" style=\"color: rgb(112, 112, 112); \">&#13;<br \/>\n                                                <a href=\"https:\/\/www.agrolink.com.br\/noticias\/javascript:;\" class=\"text-uppercase\" target=\"_blank\" style=\"color: rgb(112, 112, 112); \" rel=\"noopener\">Agrolink<\/a>&#13;<br \/>\n&#13;<br \/>\n                                                    &#8211; Leonardo Gottems&#13;<br \/>\n&#13;<br \/>\n                                            <\/strong><br \/>\n                                        <\/p>\n<p>                                            <abbr><time datetime=\"2025-06-09T07:00\" itemprop=\"datePublished dateModified\">Publicado em 09\/06\/2025 \u00e0s 07:00h.<\/time><\/abbr><br \/>\n                                            <\/p><\/div>\n<\/p><\/div>\n<\/p><\/div>\n<div class=\"col-lg p-0 text-lg-end\">\n<div>\n<div id=\"mdEnviarPagina\" class=\"modal fade\" role=\"dialog\">\n<div class=\"modal-dialog\">\n<div class=\"modal-content\">\n<div class=\"modal-body\">\n<p><strong>Estimado usu\u00e1rio.<\/strong><br \/>Preencha o formul\u00e1rio abaixo para remeter a p\u00e1gina.<\/p>\n<\/p><\/div>\n<\/p><\/div>\n<\/p><\/div>\n<\/div><\/div>\n<\/p><\/div>\n<\/p><\/div>\n<\/p><\/div>\n<\/p><\/div>\n<\/p><\/div>\n<div class=\"row justify-content-md-center mt-3\">\n<div class=\"col-lg-auto col-image block-news-main-image\">\n<p>                                <img decoding=\"async\" src=\"https:\/\/www.agrolink.com.br\/upload\/imagens-resizes\/6afbd140021649778a93fa5544598ff8_858x483.jpg\" class=\"lazyload img-fluid\" alt=\"Miranda \u00e9 engenheiro agr\u00f4nomo pela Universidade Estadual de Londrina\"\/><br \/>\n                                                <span class=\"d-block mt-1\">Miranda \u00e9 engenheiro agr\u00f4nomo pela Universidade Estadual de Londrina &#8211; Foto: India Water Portal<\/span><\/p><\/div>\n<\/p><\/div>\n<div class=\"section-description section-description-noticias mt-3\">\n<p>O pesquisador Jos\u00e9 Ednilson Miranda, da Embrapa <a href=\"https:\/\/www.agrolink.com.br\/culturas\/algodao\/\" target=\"_blank\" rel=\"noopener\">algod\u00e3o<\/a>, foi selecionado para atuar no novo escrit\u00f3rio de coopera\u00e7\u00e3o do Brasil em Adis Abeba, na Eti\u00f3pia, a partir de agosto. Segundo a Embrapa, ele integrar\u00e1 uma equipe composta por profissionais da Ag\u00eancia Brasileira de Coopera\u00e7\u00e3o (ABC), vinculada ao Minist\u00e9rio das Rela\u00e7\u00f5es Exteriores, e da Funda\u00e7\u00e3o Oswaldo Cruz (Fiocruz). A miss\u00e3o conjunta visa fortalecer as rela\u00e7\u00f5es do Brasil com pa\u00edses africanos por meio da coopera\u00e7\u00e3o em ci\u00eancia, tecnologia, inova\u00e7\u00e3o, sa\u00fade, meio ambiente e agricultura.&#13;\n<\/p>\n<p>A cria\u00e7\u00e3o do escrit\u00f3rio foi resultado direto da visita do presidente Luiz In\u00e1cio Lula da Silva \u00e0 Eti\u00f3pia em fevereiro de 2024, marcando a retomada da pol\u00edtica externa brasileira com foco na \u00c1frica e na promo\u00e7\u00e3o da coopera\u00e7\u00e3o sul-sul. Com cerca de 125 milh\u00f5es de habitantes, a Eti\u00f3pia \u00e9 a segunda na\u00e7\u00e3o mais populosa do continente africano e uma das principais economias locais. Desde janeiro de 2024, tamb\u00e9m \u00e9 membro do grupo BRICS e abriga, em sua capital, as sedes da Uni\u00e3o Africana e da Comiss\u00e3o Econ\u00f4mica das Na\u00e7\u00f5es Unidas para a \u00c1frica.&#13;\n<\/p>\n<p>Miranda \u00e9 engenheiro agr\u00f4nomo pela Universidade Estadual de Londrina, mestre e doutor pela Unesp, com 22 anos de atua\u00e7\u00e3o na Embrapa. Especialista em entomologia, tem experi\u00eancia em manejo de pragas, controle biol\u00f3gico e plantas inseticidas. Entre 2009 e 2020, participou de projetos internacionais de coopera\u00e7\u00e3o agr\u00edcola em pa\u00edses como Mali, Mo\u00e7ambique, Tanz\u00e2nia, Peru e Zimbabwe, com destaque para os projetos Cotton-4, +Algod\u00f3n e Cotton Victoria. Sua nomea\u00e7\u00e3o refor\u00e7a o protagonismo brasileiro em iniciativas de coopera\u00e7\u00e3o t\u00e9cnica internacional no setor agropecu\u00e1rio. A Embrapa Algod\u00e3o trabalha no desenvolvimento de novos produtos, como sementes.<br \/>&#13;<br \/>\n\u00a0&#13;\n<\/p>\n<\/p><\/div>\n<\/p><\/div>\n<p><script data-cfasync=\"false\">\n    !function (f, b, e, v, n, t, s) {\n        if (f.fbq) return; n = f.fbq = function () {\n            n.callMethod ?\n                n.callMethod.apply(n, arguments) : n.queue.push(arguments)\n        };\n        if (!f._fbq) f._fbq = n; n.push = n; n.loaded = !0; n.version = '2.0';\n        n.queue = []; t = b.createElement(e); t.async = !0;\n        t.src = v; s = b.getElementsByTagName(e)[0];\n        s.parentNode.insertBefore(t, s)\n    }(window, document, 'script',\n        'https:\/\/connect.facebook.net\/en_US\/fbevents.js');\n    fbq('init', '522546078623747');\n    fbq('track', 'PageView');\n<\/script><br \/>\n<br \/><br \/>\n<br \/><a href=\"https:\/\/www.agrolink.com.br\/noticias\/pesquisador-brasileiro-ira-cooperar-na-etiopia_502708.html\">Source link <\/a><\/p>\n","protected":false},"excerpt":{"rendered":"<p>&#13; Miranda \u00e9 engenheiro agr\u00f4nomo pela Universidade Estadual de Londrina&#13; &#13; Agrolink&#13; &#13; &#8211; Leonardo Gottems&#13; &#13; Publicado em 09\/06\/2025<\/p>\n","protected":false},"author":1,"featured_media":7577,"comment_status":"open","ping_status":"open","sticky":false,"template":"","format":"standard","meta":{"_monsterinsights_skip_tracking":false,"_monsterinsights_sitenote_active":false,"_monsterinsights_sitenote_note":"","_monsterinsights_sitenote_category":0,"_uf_show_specific_survey":0,"_uf_disable_surveys":false,"footnotes":""},"categories":[8,1,14],"tags":[],"class_list":["post-14819","post","type-post","status-publish","format-standard","has-post-thumbnail","hentry","category-agro","category-news","category-politica-agro"],"_links":{"self":[{"href":"https:\/\/agromt.news\/index.php?rest_route=\/wp\/v2\/posts\/14819"}],"collection":[{"href":"https:\/\/agromt.news\/index.php?rest_route=\/wp\/v2\/posts"}],"about":[{"href":"https:\/\/agromt.news\/index.php?rest_route=\/wp\/v2\/types\/post"}],"author":[{"embeddable":true,"href":"https:\/\/agromt.news\/index.php?rest_route=\/wp\/v2\/users\/1"}],"replies":[{"embeddable":true,"href":"https:\/\/agromt.news\/index.php?rest_route=%2Fwp%2Fv2%2Fcomments&post=14819"}],"version-history":[{"count":0,"href":"https:\/\/agromt.news\/index.php?rest_route=\/wp\/v2\/posts\/14819\/revisions"}],"wp:featuredmedia":[{"embeddable":true,"href":"https:\/\/agromt.news\/index.php?rest_route=\/wp\/v2\/media\/7577"}],"wp:attachment":[{"href":"https:\/\/agromt.news\/index.php?rest_route=%2Fwp%2Fv2%2Fmedia&parent=14819"}],"wp:term":[{"taxonomy":"category","embeddable":true,"href":"https:\/\/agromt.news\/index.php?rest_route=%2Fwp%2Fv2%2Fcategories&post=14819"},{"taxonomy":"post_tag","embeddable":true,"href":"https:\/\/agromt.news\/index.php?rest_route=%2Fwp%2Fv2%2Ftags&post=14819"}],"curies":[{"name":"wp","href":"https:\/\/api.w.org\/{rel}","templated":true}]}}