{"id":14804,"date":"2025-06-08T17:04:57","date_gmt":"2025-06-08T21:04:57","guid":{"rendered":"https:\/\/agromt.news\/?p=14804"},"modified":"2025-06-08T17:04:57","modified_gmt":"2025-06-08T21:04:57","slug":"girassol-ganha-espaco-na-2a-safra-com-alta-de-32-na-produtividade","status":"publish","type":"post","link":"https:\/\/agromt.news\/?p=14804","title":{"rendered":"Girassol ganha espa\u00e7o na 2\u00aa safra com alta de 32% na produtividade"},"content":{"rendered":"<p> <br \/>\n<br \/><img decoding=\"async\" src=\"https:\/\/agromt.news\/wp-content\/uploads\/2025\/06\/Girassol-ganha-espaco-na-2a-safra-com-alta-de-32.jpg\" \/><\/p>\n<div>\n<p>O girassol tem ganhado cada vez mais espa\u00e7o nas propriedades rurais de Goi\u00e1s, e assume a posi\u00e7\u00e3o de destaque como uma das culturas mais promissoras para a segunda safra no estado. <\/p>\n<p>Para a temporada 2024\/25, a previs\u00e3o \u00e9 de colheita recorde de 71 mil toneladas, em uma \u00e1rea plantada estimada de 47,3 mil hectares.<\/p>\n<p>O estado dever\u00e1 ser respons\u00e1vel por<strong> 71,6%<\/strong> de toda a produ\u00e7\u00e3o nacional da flor. Com um crescimento projetado de <strong>58,8%<\/strong> no volume produzido, <strong>20,7%<\/strong> na \u00e1rea cultivada e um aumento de <strong>31,6%<\/strong> na produtividade em compara\u00e7\u00e3o ao ciclo anterior, o desempenho \u00e9 impulsionado por condi\u00e7\u00f5es clim\u00e1ticas favor\u00e1veis, a aus\u00eancia de doen\u00e7as f\u00fangicas e um manejo agron\u00f4mico eficiente.<\/p>\n<p>A oleaginosa surge como alternativa estrat\u00e9gica ao ser plantada logo ap\u00f3s a soja, aproveitando o per\u00edodo da segunda safra, pois \u00e9 uma cultura que possui maior resist\u00eancia h\u00eddrica e menor incid\u00eancia de pragas e doen\u00e7as. <\/p>\n<p>Al\u00e9m disso, contribui diretamente para o aumento da fertilidade do solo e promove maior biodiversidade, quando cultivada em integra\u00e7\u00e3o com a apicultura.<\/p>\n<\/div>\n<div>\n<h2 class=\"wp-block-heading\" id=\"h-uso-industrial-do-girassol\">Uso industrial do girassol<\/h2>\n<p>O girassol possui alta versatilidade de uso industrial. Suas sementes s\u00e3o fonte de \u00f3leo com excelente valor nutricional, utilizado pelos setores aliment\u00edcio, farmac\u00eautico, cosm\u00e9tico, de nutri\u00e7\u00e3o animal e para a produ\u00e7\u00e3o de biocombust\u00edveis. <\/p>\n<p>Desde o in\u00edcio do monitoramento realizado pela Companhia Nacional de Abastecimento (<a href=\"https:\/\/www.canalrural.com.br\/tag\/conab\/\">Conab<\/a>) em 1997, Goi\u00e1s j\u00e1 se destacava com a maior \u00e1rea cultivada e como maior produtor nacional. A retomada da lideran\u00e7a ocorreu na safra 2020\/21, com crescimento desde ent\u00e3o.<\/p>\n<p>Para a atual safra, a \u00e1rea cultivada est\u00e1 projetada em 47,3 mil hectares, representando acr\u00e9scimo de 20,7% frente \u00e0 temporada passada, enquanto a produtividade das lavouras deve crescer 31,6%, consolidando uma produ\u00e7\u00e3o total que deve superar em quase 60% os resultados anteriores. <\/p>\n<p>Os munic\u00edpios de Silv\u00e2nia, Ipameri, Rio Verde e Catal\u00e3o aparecem entre os principais polos produtores.<\/p>\n<p><em>*Sob supervis\u00e3o de Victor Faverin<\/em><\/p>\n<\/p><\/div>\n<p><br \/>\n<br \/><a href=\"https:\/\/www.canalrural.com.br\/nacional\/girassol-ganha-espaco-na-2a-safra-com-alta-de-32-na-produtividade\/\">Source link <\/a><\/p>\n","protected":false},"excerpt":{"rendered":"<p>O girassol tem ganhado cada vez mais espa\u00e7o nas propriedades rurais de Goi\u00e1s, e assume a posi\u00e7\u00e3o de destaque como<\/p>\n","protected":false},"author":1,"featured_media":14805,"comment_status":"open","ping_status":"open","sticky":false,"template":"","format":"standard","meta":{"_monsterinsights_skip_tracking":false,"_monsterinsights_sitenote_active":false,"_monsterinsights_sitenote_note":"","_monsterinsights_sitenote_category":0,"_uf_show_specific_survey":0,"_uf_disable_surveys":false,"footnotes":""},"categories":[1],"tags":[],"class_list":["post-14804","post","type-post","status-publish","format-standard","has-post-thumbnail","hentry","category-news"],"_links":{"self":[{"href":"https:\/\/agromt.news\/index.php?rest_route=\/wp\/v2\/posts\/14804"}],"collection":[{"href":"https:\/\/agromt.news\/index.php?rest_route=\/wp\/v2\/posts"}],"about":[{"href":"https:\/\/agromt.news\/index.php?rest_route=\/wp\/v2\/types\/post"}],"author":[{"embeddable":true,"href":"https:\/\/agromt.news\/index.php?rest_route=\/wp\/v2\/users\/1"}],"replies":[{"embeddable":true,"href":"https:\/\/agromt.news\/index.php?rest_route=%2Fwp%2Fv2%2Fcomments&post=14804"}],"version-history":[{"count":0,"href":"https:\/\/agromt.news\/index.php?rest_route=\/wp\/v2\/posts\/14804\/revisions"}],"wp:featuredmedia":[{"embeddable":true,"href":"https:\/\/agromt.news\/index.php?rest_route=\/wp\/v2\/media\/14805"}],"wp:attachment":[{"href":"https:\/\/agromt.news\/index.php?rest_route=%2Fwp%2Fv2%2Fmedia&parent=14804"}],"wp:term":[{"taxonomy":"category","embeddable":true,"href":"https:\/\/agromt.news\/index.php?rest_route=%2Fwp%2Fv2%2Fcategories&post=14804"},{"taxonomy":"post_tag","embeddable":true,"href":"https:\/\/agromt.news\/index.php?rest_route=%2Fwp%2Fv2%2Ftags&post=14804"}],"curies":[{"name":"wp","href":"https:\/\/api.w.org\/{rel}","templated":true}]}}