{"id":14802,"date":"2025-06-08T16:12:09","date_gmt":"2025-06-08T20:12:09","guid":{"rendered":"https:\/\/agromt.news\/?p=14802"},"modified":"2025-06-08T16:12:09","modified_gmt":"2025-06-08T20:12:09","slug":"confirmado-o-primeiro-caso-de-gripe-aviaria-em-mt","status":"publish","type":"post","link":"https:\/\/agromt.news\/?p=14802","title":{"rendered":"Confirmado o primeiro caso de gripe avi\u00e1ria em MT"},"content":{"rendered":"<p> <br \/>\n<br \/><img decoding=\"async\" src=\"https:\/\/agromt.news\/wp-content\/uploads\/2025\/06\/Confirmado-o-primeiro-caso-de-gripe-aviaria-em-MT.jpg\" \/><\/p>\n<div>\n<p>Foi <a href=\"https:\/\/www.canalrural.com.br\/?s=gripe+avi%C3%A1ria\">confirmado<\/a>, neste domingo (8), o primeiro caso de gripe avi\u00e1ria em <a href=\"https:\/\/matogrosso.canalrural.com.br\/aves-e-suinos\/confirmado-primeiro-caso-de-gripe-aviaria-em-mato-grosso\/\">Mato Grosso<\/a>. A infec\u00e7\u00e3o foi detectada em uma galinha dom\u00e9stica criada para subsist\u00eancia no munic\u00edpio de Campin\u00e1polis, no leste do estado.<\/p>\n<p>A confirma\u00e7\u00e3o foi publicada por volta das 13h (hor\u00e1rio de Bras\u00edlia) no painel de monitoramento do Minist\u00e9rio da Agricultura e Pecu\u00e1ria (<a href=\"https:\/\/www.gov.br\/agricultura\/pt-br\">Mapa<\/a>). Com o novo registro, o n\u00famero de casos confirmados da doen\u00e7a no Brasil em 2025 chega a cinco.<\/p>\n<p>Dentre os casos confirmados, apenas um envolveu ave de cria\u00e7\u00e3o comercial, o epis\u00f3dio registrado em Montenegro, no Rio Grande do Sul, em maio, primeiro foco da doen\u00e7a no pa\u00eds. <\/p>\n<p>Al\u00e9m do caso em Campin\u00e1polis, h\u00e1 registros em Bras\u00edlia (DF), com uma ave silvestre da esp\u00e9cie Irer\u00ea; em Mateus Leme (MG), com um cisne negro mantido em cativeiro; e em Sapucaia do Sul (RS), onde outro cisne negro tamb\u00e9m foi diagnosticado com a doen\u00e7a.<\/p>\n<\/div>\n<div>\n<p>Na \u00faltima sexta-feira (6), o Mapa havia informado que oito casos suspeitos estavam em investiga\u00e7\u00e3o em diferentes regi\u00f5es do Brasil, todos fora de granjas comerciais.<\/p>\n<p>Equipes do Minist\u00e9rio da Agricultura e do Instituto de Defesa Agropecu\u00e1ria de Mato Grosso (Indea-MT) foram mobilizadas e j\u00e1 est\u00e3o no munic\u00edpio de Campin\u00e1polis para aplicar as medidas de conten\u00e7\u00e3o e controle previstas nos protocolos sanit\u00e1rios.<\/p>\n<h3 class=\"wp-block-heading\" id=\"h-alerta-e-prevencao\">Alerta e preven\u00e7\u00e3o<\/h3>\n<p>O Indea-MT refor\u00e7a a necessidade de intensificar os cuidados com biosseguran\u00e7a, tanto em cria\u00e7\u00f5es comerciais quanto em propriedades com aves de subsist\u00eancia. A recomenda\u00e7\u00e3o \u00e9 que qualquer morte s\u00fabita ou altera\u00e7\u00e3o de comportamento em aves seja imediatamente comunicada aos \u00f3rg\u00e3os competentes.<\/p>\n<p><strong><em>*Informa\u00e7\u00f5es de Canal Rural Mato Grosso.<\/em><\/strong><\/p>\n<\/p><\/div>\n<p><br \/>\n<br \/><a href=\"https:\/\/www.canalrural.com.br\/agricultura\/confirmado-o-primeiro-caso-de-gripe-aviaria-em-mt\/\">Source link <\/a><\/p>\n","protected":false},"excerpt":{"rendered":"<p>Foi confirmado, neste domingo (8), o primeiro caso de gripe avi\u00e1ria em Mato Grosso. A infec\u00e7\u00e3o foi detectada em uma<\/p>\n","protected":false},"author":1,"featured_media":14803,"comment_status":"open","ping_status":"open","sticky":false,"template":"","format":"standard","meta":{"_monsterinsights_skip_tracking":false,"_monsterinsights_sitenote_active":false,"_monsterinsights_sitenote_note":"","_monsterinsights_sitenote_category":0,"_uf_show_specific_survey":0,"_uf_disable_surveys":false,"footnotes":""},"categories":[1],"tags":[],"class_list":["post-14802","post","type-post","status-publish","format-standard","has-post-thumbnail","hentry","category-news"],"_links":{"self":[{"href":"https:\/\/agromt.news\/index.php?rest_route=\/wp\/v2\/posts\/14802"}],"collection":[{"href":"https:\/\/agromt.news\/index.php?rest_route=\/wp\/v2\/posts"}],"about":[{"href":"https:\/\/agromt.news\/index.php?rest_route=\/wp\/v2\/types\/post"}],"author":[{"embeddable":true,"href":"https:\/\/agromt.news\/index.php?rest_route=\/wp\/v2\/users\/1"}],"replies":[{"embeddable":true,"href":"https:\/\/agromt.news\/index.php?rest_route=%2Fwp%2Fv2%2Fcomments&post=14802"}],"version-history":[{"count":0,"href":"https:\/\/agromt.news\/index.php?rest_route=\/wp\/v2\/posts\/14802\/revisions"}],"wp:featuredmedia":[{"embeddable":true,"href":"https:\/\/agromt.news\/index.php?rest_route=\/wp\/v2\/media\/14803"}],"wp:attachment":[{"href":"https:\/\/agromt.news\/index.php?rest_route=%2Fwp%2Fv2%2Fmedia&parent=14802"}],"wp:term":[{"taxonomy":"category","embeddable":true,"href":"https:\/\/agromt.news\/index.php?rest_route=%2Fwp%2Fv2%2Fcategories&post=14802"},{"taxonomy":"post_tag","embeddable":true,"href":"https:\/\/agromt.news\/index.php?rest_route=%2Fwp%2Fv2%2Ftags&post=14802"}],"curies":[{"name":"wp","href":"https:\/\/api.w.org\/{rel}","templated":true}]}}