{"id":14800,"date":"2025-06-08T14:38:00","date_gmt":"2025-06-08T18:38:00","guid":{"rendered":"https:\/\/agromt.news\/?p=14800"},"modified":"2025-06-08T14:38:00","modified_gmt":"2025-06-08T18:38:00","slug":"favaro-realiza-visita-a-cooperativa-e-empresa-de-azeite-agenda-termina-neste-domingo","status":"publish","type":"post","link":"https:\/\/agromt.news\/?p=14800","title":{"rendered":"F\u00e1varo realiza visita \u00e0 cooperativa e empresa de azeite; agenda termina neste domingo"},"content":{"rendered":"<p> <br \/>\n<br \/><img decoding=\"async\" src=\"https:\/\/agromt.news\/wp-content\/uploads\/2025\/06\/Favaro-realiza-visita-a-cooperativa-e-empresa-de-azeite-agenda.png\" \/><\/p>\n<div>\n<p>Iniciou neste s\u00e1bado (7) a miss\u00e3o oficial do Minist\u00e9rio da Agricultura e Pecu\u00e1ria (<a href=\"https:\/\/www.gov.br\/agricultura\/pt-br\">Mapa<\/a>) a Portugal, conduzida pelo ministro Carlos F\u00e1varo, com o compromisso de fortalecer as rela\u00e7\u00f5es comerciais e do <a href=\"https:\/\/www.canalrural.com.br\/\">agroneg\u00f3cio <\/a>entre os dois pa\u00edses. A primeira atividade da miss\u00e3o foi a visita de campo \u00e0 Cooperativa Agr\u00edcola de Beja e Brinches e \u00e0 empresa de produ\u00e7\u00e3o e transforma\u00e7\u00e3o de azeites, Lagar do Vale. <\/p>\n<p>Durante a visita, o ministro F\u00e1varo destacou a medida anunciada este ano pelo governo brasileiro para reduzir tarifas de importa\u00e7\u00e3o de diversos produtos, incluindo o azeite de oliva. \u201cA boa rela\u00e7\u00e3o comercial tem que ser de m\u00e3o dupla: v\u00e1 vender, mas esteja disposto a comprar tamb\u00e9m. Em mar\u00e7o, tomamos a decis\u00e3o governamental de eliminar a tarifa de importa\u00e7\u00e3o de 9,2% para o azeite de oliva. Hoje, Portugal pode vender azeite para o Brasil com tarifa zero\u201d, afirmou.<\/p>\n<p>F\u00e1varo ressaltou ainda que a miss\u00e3o a Portugal deve abrir novas oportunidades para ambos os pa\u00edses. \u201cUma das miss\u00f5es que o presidente Lula me deu foi ampliar novos mercados para os produtos da agropecu\u00e1ria brasileira e transformar isso em oportunidades comerciais\u201d, destacou o ministro.<\/p>\n<p>O secret\u00e1rio de Estado da Agricultura de Portugal, Jo\u00e3o Moura, tamb\u00e9m comentou o potencial da parceria. \u201cOlhamos para o Brasil como um grande pa\u00eds de oportunidades e irm\u00e3o, que pode nos ajudar n\u00e3o s\u00f3 na rela\u00e7\u00e3o estreita que temos com a \u00c1frica, como com outros pa\u00edses da Europa. Essa visita do ministro Carlos F\u00e1varo pode traduzir essa inten\u00e7\u00e3o\u201d, afirmou.<\/p>\n<\/div>\n<div>\n<p>Para o diretor do Departamento de Inspe\u00e7\u00e3o de Produtos de Origem Vegetal da Secretaria de Defesa Agropecu\u00e1ria, Hugo Caruso, a visita \u00e9 de grande import\u00e2ncia para o setor da olivicultura brasileira. <\/p>\n<p>\u201cFoi poss\u00edvel verificar a excel\u00eancia da produ\u00e7\u00e3o portuguesa de azeites e como isso pode ser levado ao Brasil, que \u00e9 um produtor recente de azeite de oliva e precisa trocar experi\u00eancias para se desenvolver. Quanto mais aproxima\u00e7\u00e3o, maior o ganho para o setor e para o aumento da produ\u00e7\u00e3o nacional\u201d, explicou.<\/p>\n<p>Brasil e Portugal mant\u00eam diversos Memorandos de Entendimento para coopera\u00e7\u00e3o, sendo o mais recente assinado em fevereiro deste ano, durante a visita do presidente da Rep\u00fablica Portuguesa ao Brasil.<\/p>\n<h2 class=\"wp-block-heading\" id=\"h-visita-a-feira\">Visita \u00e0 feira<\/h2>\n<p>No domingo (8), a agenda inclui visita \u00e0 Feira Nacional de Agricultura, em Santar\u00e9m, onde ser\u00e1 inaugurado o estande do Brasil. Al\u00e9m disso, o ministro acompanhar\u00e1 o colega portugu\u00eas na visita \u00e0 f\u00e1brica de queijos da empresa Lactogal.<\/p>\n<\/p><\/div>\n<p><br \/>\n<br \/><a href=\"https:\/\/www.canalrural.com.br\/agricultura\/agronegocio\/favaro-realiza-visita-a-cooperativa-e-empresa-de-azeite-agenda-termina-neste-domingo\/\">Source link <\/a><\/p>\n","protected":false},"excerpt":{"rendered":"<p>Iniciou neste s\u00e1bado (7) a miss\u00e3o oficial do Minist\u00e9rio da Agricultura e Pecu\u00e1ria (Mapa) a Portugal, conduzida pelo ministro Carlos<\/p>\n","protected":false},"author":1,"featured_media":14801,"comment_status":"open","ping_status":"open","sticky":false,"template":"","format":"standard","meta":{"_monsterinsights_skip_tracking":false,"_monsterinsights_sitenote_active":false,"_monsterinsights_sitenote_note":"","_monsterinsights_sitenote_category":0,"_uf_show_specific_survey":0,"_uf_disable_surveys":false,"footnotes":""},"categories":[1],"tags":[],"class_list":["post-14800","post","type-post","status-publish","format-standard","has-post-thumbnail","hentry","category-news"],"_links":{"self":[{"href":"https:\/\/agromt.news\/index.php?rest_route=\/wp\/v2\/posts\/14800"}],"collection":[{"href":"https:\/\/agromt.news\/index.php?rest_route=\/wp\/v2\/posts"}],"about":[{"href":"https:\/\/agromt.news\/index.php?rest_route=\/wp\/v2\/types\/post"}],"author":[{"embeddable":true,"href":"https:\/\/agromt.news\/index.php?rest_route=\/wp\/v2\/users\/1"}],"replies":[{"embeddable":true,"href":"https:\/\/agromt.news\/index.php?rest_route=%2Fwp%2Fv2%2Fcomments&post=14800"}],"version-history":[{"count":0,"href":"https:\/\/agromt.news\/index.php?rest_route=\/wp\/v2\/posts\/14800\/revisions"}],"wp:featuredmedia":[{"embeddable":true,"href":"https:\/\/agromt.news\/index.php?rest_route=\/wp\/v2\/media\/14801"}],"wp:attachment":[{"href":"https:\/\/agromt.news\/index.php?rest_route=%2Fwp%2Fv2%2Fmedia&parent=14800"}],"wp:term":[{"taxonomy":"category","embeddable":true,"href":"https:\/\/agromt.news\/index.php?rest_route=%2Fwp%2Fv2%2Fcategories&post=14800"},{"taxonomy":"post_tag","embeddable":true,"href":"https:\/\/agromt.news\/index.php?rest_route=%2Fwp%2Fv2%2Ftags&post=14800"}],"curies":[{"name":"wp","href":"https:\/\/api.w.org\/{rel}","templated":true}]}}