{"id":14798,"date":"2025-06-08T12:15:56","date_gmt":"2025-06-08T16:15:56","guid":{"rendered":"https:\/\/agromt.news\/?p=14798"},"modified":"2025-06-08T12:15:56","modified_gmt":"2025-06-08T16:15:56","slug":"frio-e-tempo-seco-estao-no-radar","status":"publish","type":"post","link":"https:\/\/agromt.news\/?p=14798","title":{"rendered":"frio e tempo seco est\u00e3o &#8216;no radar&#8217;"},"content":{"rendered":"<p> <br \/>\n<br \/><img decoding=\"async\" src=\"https:\/\/agromt.news\/wp-content\/uploads\/2025\/06\/frio-e-tempo-seco-estao-no-radar.jpg\" \/><\/p>\n<div>\n<p>Nesta semana, a previs\u00e3o do tempo aponta varia\u00e7\u00f5es clim\u00e1ticas em diferentes regi\u00f5es do Brasil. Segundo o meteorologista do Canal Rural, Arthur M\u00fclller, algumas <a href=\"https:\/\/www.canalrural.com.br\/?s=chuvas\">\u00e1reas <\/a>ter\u00e3o queda nas temperaturas e risco de geadas, enquanto outras enfrentar\u00e3o calor intenso e pouca chuva. Al\u00e9m disso, temporais isolados podem surpreender algumas regi\u00f5es, enquanto o tempo seco e quente persistir\u00e1 em outras.<\/p>\n<h3 class=\"wp-block-heading\" id=\"h-o-tempo-no-sul-do-brasil\">O tempo no Sul do Brasil<\/h3>\n<p>A chuva come\u00e7a a diminuir no Paran\u00e1, por\u00e9m ainda haver\u00e1 umidade suficiente para provocar pancadas isoladas, principalmente no leste e norte do estado. Em Santa Catarina, espera-se precipita\u00e7\u00e3o moderada a forte no leste e norte, com temperaturas em decl\u00ednio ao longo do dia. No Rio Grande do Sul, a segunda-feira ser\u00e1 fria, mas sem previs\u00e3o de chuva em Porto Alegre, sul e oeste do estado.<\/p>\n<p>H\u00e1 possibilidade de geada ao amanhecer na regi\u00e3o da Campanha. Aten\u00e7\u00e3o ao risco de geada na ter\u00e7a e quarta-feira em \u00e1reas de baixada do RS e SC, onde as m\u00ednimas podem ficar abaixo de 4\u00baC. No Paran\u00e1, o risco de geada est\u00e1 restrito \u00e0 por\u00e7\u00e3o sul, pr\u00f3ximo \u00e0 divisa com SC, tamb\u00e9m com m\u00ednimas abaixo de 4\u00baC. <\/p>\n<p>A partir de sexta-feira, as temperaturas come\u00e7am a subir gradativamente em toda a regi\u00e3o. No Rio Grande do Sul, n\u00e3o h\u00e1 previs\u00e3o de chuva, enquanto no planalto e leste catarinense, bem como no centro-leste paranaense, espera-se um acumulado de 10 a 20 mm, volume que n\u00e3o deve prejudicar as atividades no campo.<\/p>\n<h3 class=\"wp-block-heading\" id=\"h-sudeste\">Sudeste<\/h3>\n<p>Na segunda-feira, a previs\u00e3o \u00e9 de chuva no centro-leste de S\u00e3o Paulo, sul de Minas Gerais e sul do Rio de Janeiro. A baixa press\u00e3o na costa da regi\u00e3o estimula nuvens carregadas, incomuns para junho, com possibilidade de precipita\u00e7\u00f5es fortes e temperaturas baixas na capital paulista. O tempo estar\u00e1 mais aberto e ensolarado no centro-norte de Minas, incluindo Belo Horizonte e Vit\u00f3ria, sem chuva prevista.<\/p>\n<\/div>\n<div>\n<p>A semana no Sudeste do Brasil ser\u00e1 marcada por \u2018\u00e1guas passageiras\u2019 nos estados, com acumulados entre 15 e 25 mm, o que ajuda a elevar a umidade relativa do ar e reduzir o risco de inc\u00eandios. A partir de quinta-feira, o frio se intensifica, especialmente em S\u00e3o Paulo, onde as m\u00ednimas podem ficar abaixo de 10\u00baC, com possibilidade de recorde de frio para o ano, com m\u00ednimas inferiores a 9\u00baC.<\/p>\n<p>O frio avan\u00e7a para o RJ, ES e MG, o que reduz as temperaturas, mas sem risco de geada nas baixadas. Na sexta-feira, o norte de MG ter\u00e1 m\u00e1ximas em torno de 22\u00baC e m\u00ednimas de 18\u00baC. O risco de geada fica restrito \u00e0s \u00e1reas serranas de SP e MG, onde a m\u00ednima entre sexta e s\u00e1bado pode atingir cerca de 2\u00baC.<\/p>\n<h3 class=\"wp-block-heading\" id=\"h-centro-oeste-do-brasil-com-pancadas-de-chuvas\">Centro-Oeste do Brasil com pancadas de chuvas<\/h3>\n<p>A regi\u00e3o ter\u00e1 pouca chuva, com pancadas irregulares no noroeste de Mato Grosso do Sul e no extremo sul de Mato Grosso, onde h\u00e1 risco de trovoadas. A entrada de ar frio reduzir\u00e1 as temperaturas no sudoeste e extremo sul de MS, com queda do calor em Cuiab\u00e1. O norte de Goi\u00e1s e o Distrito Federal ter\u00e3o tempo seco e m\u00e1ximas ainda elevadas durante a tarde. A maioria das \u00e1reas produtoras segue sem chuva, com umidade restrita \u00e0 tripla divisa dos estados, acumulando entre 10 e 15 mm, volume que n\u00e3o atrapalha as opera\u00e7\u00f5es no campo.<\/p>\n<p>Vale refor\u00e7ar a aten\u00e7\u00e3o ao calor em Mato Grosso e Goi\u00e1s, onde as m\u00e1ximas podem chegar a 37\u00baC ou 38\u00baC, e a umidade relativa do ar deve ficar baixa, o que exige hidrata\u00e7\u00e3o redobrada dos produtores durante o trabalho no campo. O frio ficar\u00e1 restrito \u00e0 ter\u00e7a-feira no sul de Mato Grosso, com m\u00ednimas entre 8\u00baC e 9\u00baC, sem risco de geada. A partir de quarta-feira, as temperaturas sobem gradativamente.<\/p>\n<h3 class=\"wp-block-heading\" id=\"h-como-fica-o-nordeste\">Como fica o Nordeste?<\/h3>\n<p>A maior parte da regi\u00e3o Nordeste do Brasil segue com tempo seco e baixa umidade do ar no norte e noroeste da Bahia, entre o sul do Maranh\u00e3o, Piau\u00ed e interior de Pernambuco. Na segunda-feira, haver\u00e1 aumento da umidade na costa leste e norte do Nordeste, com possibilidade de chuva moderada em Recife, Natal, Fortaleza e S\u00e3o Lu\u00eds. O calor predomina no interior, com m\u00e1ximas entre 37\u00baC e 38\u00baC e baixa umidade, exigindo aten\u00e7\u00e3o redobrada \u00e0 hidrata\u00e7\u00e3o para quem trabalha no campo.<\/p>\n<p>Al\u00e9m disso, a umidade da semana concentra-se na faixa leste dos estados da Bahia, Sergipe, Alagoas, Pernambuco, Para\u00edba e Rio Grande do Norte, com acumulados entre 10 e 20 mm. O maior volume est\u00e1 previsto para o Maranh\u00e3o, com 30 a 40 mm, o que contribui para a reposi\u00e7\u00e3o h\u00eddrica do solo, mas pode atrasar os trabalhos agr\u00edcolas, principalmente no centro-norte do estado.<\/p>\n<div data-icp-cta=\"1\" id=\"icp-cta-unique\">Voc\u00ea quer entender como usar o clima a seu favor?<b> <\/b><a href=\"https:\/\/climacampo.canalrural.com.br\/climacampo_-01\">Preparamos um e-book exclusivo<\/a> para ajudar produtores rurais a se antecipar \u00e0s mudan\u00e7as do tempo e planejar melhor suas a\u00e7\u00f5es. Com base em previs\u00f5es meteorol\u00f3gicas confi\u00e1veis, ele oferece orienta\u00e7\u00f5es pr\u00e1ticas para proteger sua lavoura e otimizar seus resultados.<\/div>\n<\/div>\n<p><br \/>\n<br \/><a href=\"https:\/\/www.canalrural.com.br\/tempo\/brasil-encara-semana-de-contrastes-climaticos-tempo-seco-e-tempestades-estao-no-radar\/\">Source link <\/a><\/p>\n","protected":false},"excerpt":{"rendered":"<p>Nesta semana, a previs\u00e3o do tempo aponta varia\u00e7\u00f5es clim\u00e1ticas em diferentes regi\u00f5es do Brasil. Segundo o meteorologista do Canal Rural,<\/p>\n","protected":false},"author":1,"featured_media":14799,"comment_status":"open","ping_status":"open","sticky":false,"template":"","format":"standard","meta":{"_monsterinsights_skip_tracking":false,"_monsterinsights_sitenote_active":false,"_monsterinsights_sitenote_note":"","_monsterinsights_sitenote_category":0,"_uf_show_specific_survey":0,"_uf_disable_surveys":false,"footnotes":""},"categories":[1],"tags":[],"class_list":["post-14798","post","type-post","status-publish","format-standard","has-post-thumbnail","hentry","category-news"],"_links":{"self":[{"href":"https:\/\/agromt.news\/index.php?rest_route=\/wp\/v2\/posts\/14798"}],"collection":[{"href":"https:\/\/agromt.news\/index.php?rest_route=\/wp\/v2\/posts"}],"about":[{"href":"https:\/\/agromt.news\/index.php?rest_route=\/wp\/v2\/types\/post"}],"author":[{"embeddable":true,"href":"https:\/\/agromt.news\/index.php?rest_route=\/wp\/v2\/users\/1"}],"replies":[{"embeddable":true,"href":"https:\/\/agromt.news\/index.php?rest_route=%2Fwp%2Fv2%2Fcomments&post=14798"}],"version-history":[{"count":0,"href":"https:\/\/agromt.news\/index.php?rest_route=\/wp\/v2\/posts\/14798\/revisions"}],"wp:featuredmedia":[{"embeddable":true,"href":"https:\/\/agromt.news\/index.php?rest_route=\/wp\/v2\/media\/14799"}],"wp:attachment":[{"href":"https:\/\/agromt.news\/index.php?rest_route=%2Fwp%2Fv2%2Fmedia&parent=14798"}],"wp:term":[{"taxonomy":"category","embeddable":true,"href":"https:\/\/agromt.news\/index.php?rest_route=%2Fwp%2Fv2%2Fcategories&post=14798"},{"taxonomy":"post_tag","embeddable":true,"href":"https:\/\/agromt.news\/index.php?rest_route=%2Fwp%2Fv2%2Ftags&post=14798"}],"curies":[{"name":"wp","href":"https:\/\/api.w.org\/{rel}","templated":true}]}}