{"id":14796,"date":"2025-06-08T11:22:08","date_gmt":"2025-06-08T15:22:08","guid":{"rendered":"https:\/\/agromt.news\/?p=14796"},"modified":"2025-06-08T11:22:08","modified_gmt":"2025-06-08T15:22:08","slug":"levantamento-aponta-custos-da-producao-de-gado-cafe-e-cana-de-acucar","status":"publish","type":"post","link":"https:\/\/agromt.news\/?p=14796","title":{"rendered":"Levantamento aponta custos da produ\u00e7\u00e3o de gado, caf\u00e9 e cana-de-a\u00e7\u00facar"},"content":{"rendered":"<p> <br \/>\n<br \/><img decoding=\"async\" src=\"https:\/\/agromt.news\/wp-content\/uploads\/2025\/06\/Levantamento-aponta-custos-da-producao-de-gado-cafe-e-cana-de-acucar.jpg\" \/><\/p>\n<div>\n<p>A Confedera\u00e7\u00e3o da Agricultura e Pecu\u00e1ria do Brasil (<a href=\"https:\/\/cnabrasil.org.br\/?utm_campaign=institucional-grants&amp;utm_source=google&amp;utm_medium=cpc&amp;gad_source=1&amp;gad_campaignid=21071234134&amp;gbraid=0AAAAAqwS2eYa8rzslcNB6nFvqwa3eN_eZ&amp;gclid=CjwKCAjw6ZTCBhBOEiwAqfwJd5_zYNK_eSXtaMER1onmfktGb5ki3B1g9_e5VnlMQ8an2MTwLcve9hoCAVUQAvD_BwE\">CNA<\/a>) promoveu nesta semana novos pain\u00e9is do projeto Campo Futuro, com foco na coleta de dados sobre os custos de produ\u00e7\u00e3o em diferentes atividades <a href=\"https:\/\/www.canalrural.com.br\/\">agropecu\u00e1rias<\/a>. Os encontros foram realizados em munic\u00edpios dos estados do Acre, Bahia e Minas Gerais, abrangendo as cadeias da pecu\u00e1ria de corte, do caf\u00e9 ar\u00e1bica e da cana-de-a\u00e7\u00facar.<\/p>\n<p>A iniciativa visa unir a capacita\u00e7\u00e3o t\u00e9cnica de produtores \u00e0 gera\u00e7\u00e3o de informa\u00e7\u00f5es estrat\u00e9gicas que subsidiem decis\u00f5es no campo. Os pain\u00e9is contam com a participa\u00e7\u00e3o de produtores rurais, t\u00e9cnicos, especialistas, institui\u00e7\u00f5es de pesquisa, federa\u00e7\u00f5es e sindicatos.<\/p>\n<h3 class=\"wp-block-heading\" id=\"h-os-custos-de-producao-da-pecuaria-de-corte-no-acre\">Os custos de produ\u00e7\u00e3o da pecu\u00e1ria de corte no Acre<\/h3>\n<p>No Acre, os pain\u00e9is concentraram-se na atividade de pecu\u00e1ria de corte. Em Cruzeiro do Sul, foi analisado um sistema de ciclo completo, com cria, recria e engorda, em uma propriedade modal com 175 hectares de pastagem e rebanho de 100 vacas. O Custo Operacional Efetivo (COE) ficou em R$ 171,03 por arroba, com destaque para os gastos com m\u00e3o de obra contratada e diaristas (45,1%) e suplementa\u00e7\u00e3o mineral (12,9%).<\/p>\n<p>Em Sena Madureira, a produ\u00e7\u00e3o \u00e9 voltada \u00e0 cria de bezerros a pasto com suplementa\u00e7\u00e3o. A propriedade t\u00edpica tem cerca de 200 hectares e 250 matrizes, com desmama anual de 150 bezerros. O desembolso direto foi de R$ 65,00 por arroba, sendo a suplementa\u00e7\u00e3o mineral (31,4%) e a reposi\u00e7\u00e3o do rebanho (15,9%) os principais componentes do custo.<\/p>\n<p>Na capital, Rio Branco, a propriedade avaliada tamb\u00e9m \u00e9 de cria, com 200 matrizes e 120 bezerros desmamados por safra, em \u00e1rea de 160 hectares. A suplementa\u00e7\u00e3o mineral representou 29,3% do COE, seguida por combust\u00edvel (18,9%) e m\u00e3o de obra (14,3%).<\/p>\n<\/div>\n<div>\n<p>Em Xapuri, o painel identificou uma propriedade de cria com 200 hectares de pastagem, 156 vacas em m\u00e9dia e 113 bezerros desmamados por ano. O custo de produ\u00e7\u00e3o por arroba foi de R$ 96,70, enquanto o custo por arroba vendida alcan\u00e7ou R$ 107,16.<\/p>\n<h3 class=\"wp-block-heading\" id=\"h-cafe-arabica-na-bahia\">Caf\u00e9 ar\u00e1bica na Bahia<\/h3>\n<p>Na Bahia, os levantamentos foram feitos na Chapada Diamantina, polo tradicional da cafeicultura. Em Ibicoara, a propriedade modal possui 3 hectares com manejo semimecanizado e sistema de sequeiro. O COE foi composto majoritariamente por gastos com m\u00e3o de obra (55%), fertilizantes e defensivos (21%), mecaniza\u00e7\u00e3o (2%) e despesas gerais (22%).<\/p>\n<p>Em Piat\u00e3, o painel apontou um aumento de 8% nos custos em compara\u00e7\u00e3o com 2024, puxado principalmente pelo avan\u00e7o dos custos com m\u00e3o de obra, que responderam por 64% dos gastos e subiram 34% no \u00faltimo ano. Em contrapartida, houve redu\u00e7\u00e3o nas despesas com defensivos (-62%), corretivos (-26%) e fertilizantes (-21%). A produtividade m\u00e9dia foi estimada em 20 sacas por hectare, um leve avan\u00e7o em rela\u00e7\u00e3o \u00e0 safra anterior.<\/p>\n<h3 class=\"wp-block-heading\" id=\"h-cana-de-acucar-em-minas-gerais\">Cana-de-a\u00e7\u00facar em Minas Gerais<\/h3>\n<p>Os pain\u00e9is sobre cana-de-a\u00e7\u00facar foram realizados em Campo Florido e Frutal, no Tri\u00e2ngulo Mineiro. Em Campo Florido, a propriedade modal definida tem 1.000 hectares, com produtividade estimada de 90 toneladas por hectare na safra 2025\/2026. Segundo a assessora t\u00e9cnica Eduarda Lee, houve crescimento do plantio mecanizado na compara\u00e7\u00e3o com 2023. No entanto, houve, tamb\u00e9m, uma redu\u00e7\u00e3o nas margens e rentabilidade para o produtor.<\/p>\n<p>J\u00e1 em Frutal, os dados apontam uma propriedade modal de 500 hectares, com produtividade m\u00e9dia de 80 toneladas por hectare. A regi\u00e3o apresenta divis\u00e3o equilibrada entre plantio manual e mecanizado, com cada m\u00e9todo respondendo por 50% da \u00e1rea cultivada.<\/p>\n<\/p><\/div>\n<p><br \/>\n<br \/><a href=\"https:\/\/www.canalrural.com.br\/agricultura\/levantamento-aponta-custos-da-producao-de-gado-cafe-e-cana-de-acucar\/\">Source link <\/a><\/p>\n","protected":false},"excerpt":{"rendered":"<p>A Confedera\u00e7\u00e3o da Agricultura e Pecu\u00e1ria do Brasil (CNA) promoveu nesta semana novos pain\u00e9is do projeto Campo Futuro, com foco<\/p>\n","protected":false},"author":1,"featured_media":14797,"comment_status":"open","ping_status":"open","sticky":false,"template":"","format":"standard","meta":{"_monsterinsights_skip_tracking":false,"_monsterinsights_sitenote_active":false,"_monsterinsights_sitenote_note":"","_monsterinsights_sitenote_category":0,"_uf_show_specific_survey":0,"_uf_disable_surveys":false,"footnotes":""},"categories":[1],"tags":[],"class_list":["post-14796","post","type-post","status-publish","format-standard","has-post-thumbnail","hentry","category-news"],"_links":{"self":[{"href":"https:\/\/agromt.news\/index.php?rest_route=\/wp\/v2\/posts\/14796"}],"collection":[{"href":"https:\/\/agromt.news\/index.php?rest_route=\/wp\/v2\/posts"}],"about":[{"href":"https:\/\/agromt.news\/index.php?rest_route=\/wp\/v2\/types\/post"}],"author":[{"embeddable":true,"href":"https:\/\/agromt.news\/index.php?rest_route=\/wp\/v2\/users\/1"}],"replies":[{"embeddable":true,"href":"https:\/\/agromt.news\/index.php?rest_route=%2Fwp%2Fv2%2Fcomments&post=14796"}],"version-history":[{"count":0,"href":"https:\/\/agromt.news\/index.php?rest_route=\/wp\/v2\/posts\/14796\/revisions"}],"wp:featuredmedia":[{"embeddable":true,"href":"https:\/\/agromt.news\/index.php?rest_route=\/wp\/v2\/media\/14797"}],"wp:attachment":[{"href":"https:\/\/agromt.news\/index.php?rest_route=%2Fwp%2Fv2%2Fmedia&parent=14796"}],"wp:term":[{"taxonomy":"category","embeddable":true,"href":"https:\/\/agromt.news\/index.php?rest_route=%2Fwp%2Fv2%2Fcategories&post=14796"},{"taxonomy":"post_tag","embeddable":true,"href":"https:\/\/agromt.news\/index.php?rest_route=%2Fwp%2Fv2%2Ftags&post=14796"}],"curies":[{"name":"wp","href":"https:\/\/api.w.org\/{rel}","templated":true}]}}