{"id":14792,"date":"2025-06-08T08:58:30","date_gmt":"2025-06-08T12:58:30","guid":{"rendered":"https:\/\/agromt.news\/?p=14792"},"modified":"2025-06-08T08:58:30","modified_gmt":"2025-06-08T12:58:30","slug":"produtor-gaucho-podera-ganhar-picape-em-disputa-leiteira","status":"publish","type":"post","link":"https:\/\/agromt.news\/?p=14792","title":{"rendered":"Produtor ga\u00facho poder\u00e1 ganhar picape em disputa leiteira"},"content":{"rendered":"<p> <br \/>\n<br \/><img decoding=\"async\" src=\"https:\/\/agromt.news\/wp-content\/uploads\/2024\/10\/Lacteos-setor-ve-2025-positivo-mas-com-desafios-para-garantir.jpg\" \/><\/p>\n<div>\n<p>A Associa\u00e7\u00e3o dos Criadores de Gado Holand\u00eas do <strong><a href=\"https:\/\/www.canalrural.com.br\/nacional\/rio-grande-do-sul\/\">Rio Grande do Sul<\/a><\/strong> (Gadolando) e a Lactalis Brasil anunciaram, nesta sexta-feira (6), uma parceria que busca estimular a atividade leiteira do Rio Grande do Sul.<\/p>\n<p>Produtores que participam do Pr\u00eamio Exceleite, que avalia animais com maior desempenho de pista e produ\u00e7\u00e3o leiteira em disputas oficiais da ra\u00e7a holandesa em competi\u00e7\u00f5es leiteiras como as que ocorrem na Expoagro Cotricampo, na Fenasul Expoleite e na Expointer, poder\u00e3o receber uma picape VW Saveiro zero km.<\/p>\n<p>A premia\u00e7\u00e3o ser\u00e1 conferida ao propriet\u00e1rio da Suprema Exceleite, nome dado \u00e0 vaca que obt\u00e9m o maior somat\u00f3rio de pontos entre resultados morfol\u00f3gicos e de produ\u00e7\u00e3o das tr\u00eas exposi\u00e7\u00f5es oficiais. A final ser\u00e1 realizada durante a 48\u00aa Expointer, que ocorre de 30 de agosto a 7 de setembro no Parque Estadual de Exposi\u00e7\u00f5es Assis Brasil, em Esteio (RS). <\/p>\n<\/div>\n<div>\n<p>\u201cNossa ideia \u00e9 valorizar os produtores que buscam elevar sua produ\u00e7\u00e3o com qualidade e que, independentemente do porte, trabalham pela melhoria do setor l\u00e1cteo\u201d, disse o diretor de Comunica\u00e7\u00e3o, CSR e Assuntos Regulat\u00f3rios da Lactalis do Brasil, Guilherme Portella.<\/p>\n<p>Tamb\u00e9m ser\u00e1 premiada a vaca recordista de s\u00f3lidos da Expointer com valor de R$ 5 mil. Focada em qualidade e produtividade industrial, a medi\u00e7\u00e3o de s\u00f3lidos ser\u00e1 feita em laborat\u00f3rio e deve ter resultado divulgado ainda durante a exposi\u00e7\u00e3o.<\/p>\n<p>O presidente da Gadolando, Marcos Tang, recorda que o Exceleite foi criado em 2007 para estimular a participa\u00e7\u00e3o dos criadores em exposi\u00e7\u00f5es leiteiras no interior do Rio Grande do Sul sempre com um ve\u00edculo como pr\u00eamio. Em 2024, em raz\u00e3o das enchentes, o circuito entregou uma motocicleta e, em 2025, volta com a picape por meio de patroc\u00ednio da multinacional francesa. <\/p>\n<p>\u201cO setor passou por cinco anos de seca e um de enchente, mas temos esperan\u00e7a de que esse cen\u00e1rio v\u00e1 melhorar\u201d, disse Tang.<\/p>\n<p>A atividade leiteira vem em decl\u00ednio no Rio Grande do Sul. Nos \u00faltimos oito anos, 64% dos produtores abandonaram a atividade. Com a enchente, a expectativa \u00e9 de mais baixas no setor. O relat\u00f3rio com o balan\u00e7o dos \u00faltimos dois anos tamb\u00e9m deve ser divulgado pela Emater-RS durante a Expointer.<\/p>\n<h2 class=\"wp-block-heading\" id=\"h-multinacional-vai-exportar-manteiga-para-os-eua\">Multinacional vai exportar manteiga para os EUA<\/h2>\n<p>Durante o evento, a Lactalis tamb\u00e9m anunciou que j\u00e1 tem data para come\u00e7ar a exportar manteiga para os Estados Unidos. As primeiras remessas devem acontecer em julho. <\/p>\n<p>At\u00e9 ent\u00e3o a empresa vendia manteiga para o pa\u00eds norte-americano produzida na Fran\u00e7a. Agora o produto ser\u00e1 o que \u00e9 fabricado na unidade de Teut\u00f4nia (RS). O volume exportado n\u00e3o foi divulgado pela empresa mas deve ser significativo para o mercado.<\/p>\n<p>Ao longo de dez anos, a Lactalis investiu mais de R$ 5 bilh\u00f5es em aquisi\u00e7\u00f5es e opera\u00e7\u00f5es no Brasil e outros R$ 2,6 bilh\u00f5es na amplia\u00e7\u00e3o e moderniza\u00e7\u00e3o do parque fabril, totalizando R$ 7,6 bilh\u00f5es. A expectativa \u00e9 alcan\u00e7ar um faturamento de R$ 35 bilh\u00f5es at\u00e9 2030 com projetos de melhoria da cadeia l\u00e1ctea.<\/p>\n<p>A Lactalis \u00e9 l\u00edder em capta\u00e7\u00e3o de leite no Brasil, com 23 plantas fabris e 49 centros log\u00edsticos distribu\u00eddos em oito estados, somando mais de 13 mil colaboradores e mais de 2,7 bilh\u00f5es de litros de leite captados por ano.<\/p>\n<\/p><\/div>\n<p><br \/>\n<br \/><a href=\"https:\/\/www.canalrural.com.br\/nacional\/rio-grande-do-sul\/produtor-gaucho-podera-ganhar-picape-em-disputa-leiteira\/\">Source link <\/a><\/p>\n","protected":false},"excerpt":{"rendered":"<p>A Associa\u00e7\u00e3o dos Criadores de Gado Holand\u00eas do Rio Grande do Sul (Gadolando) e a Lactalis Brasil anunciaram, nesta sexta-feira<\/p>\n","protected":false},"author":1,"featured_media":4201,"comment_status":"open","ping_status":"open","sticky":false,"template":"","format":"standard","meta":{"_monsterinsights_skip_tracking":false,"_monsterinsights_sitenote_active":false,"_monsterinsights_sitenote_note":"","_monsterinsights_sitenote_category":0,"_uf_show_specific_survey":0,"_uf_disable_surveys":false,"footnotes":""},"categories":[1],"tags":[],"class_list":["post-14792","post","type-post","status-publish","format-standard","has-post-thumbnail","hentry","category-news"],"_links":{"self":[{"href":"https:\/\/agromt.news\/index.php?rest_route=\/wp\/v2\/posts\/14792"}],"collection":[{"href":"https:\/\/agromt.news\/index.php?rest_route=\/wp\/v2\/posts"}],"about":[{"href":"https:\/\/agromt.news\/index.php?rest_route=\/wp\/v2\/types\/post"}],"author":[{"embeddable":true,"href":"https:\/\/agromt.news\/index.php?rest_route=\/wp\/v2\/users\/1"}],"replies":[{"embeddable":true,"href":"https:\/\/agromt.news\/index.php?rest_route=%2Fwp%2Fv2%2Fcomments&post=14792"}],"version-history":[{"count":0,"href":"https:\/\/agromt.news\/index.php?rest_route=\/wp\/v2\/posts\/14792\/revisions"}],"wp:featuredmedia":[{"embeddable":true,"href":"https:\/\/agromt.news\/index.php?rest_route=\/wp\/v2\/media\/4201"}],"wp:attachment":[{"href":"https:\/\/agromt.news\/index.php?rest_route=%2Fwp%2Fv2%2Fmedia&parent=14792"}],"wp:term":[{"taxonomy":"category","embeddable":true,"href":"https:\/\/agromt.news\/index.php?rest_route=%2Fwp%2Fv2%2Fcategories&post=14792"},{"taxonomy":"post_tag","embeddable":true,"href":"https:\/\/agromt.news\/index.php?rest_route=%2Fwp%2Fv2%2Ftags&post=14792"}],"curies":[{"name":"wp","href":"https:\/\/api.w.org\/{rel}","templated":true}]}}