{"id":14790,"date":"2025-06-08T06:46:47","date_gmt":"2025-06-08T10:46:47","guid":{"rendered":"https:\/\/agromt.news\/?p=14790"},"modified":"2025-06-08T06:46:47","modified_gmt":"2025-06-08T10:46:47","slug":"empretec-rural-chega-a-boituva-com-vagas-gratuitas-para-produtores","status":"publish","type":"post","link":"https:\/\/agromt.news\/?p=14790","title":{"rendered":"Empretec Rural chega a Boituva com vagas gratuitas para produtores"},"content":{"rendered":"<p> <br \/>\n<br \/><img decoding=\"async\" src=\"https:\/\/agromt.news\/wp-content\/uploads\/2025\/06\/Empretec-Rural-chega-a-Boituva-com-vagas-gratuitas-para-produtores.png\" \/><\/p>\n<div>\n<p>Boituva, a 115 km de S\u00e3o Paulo, se destaca na Regi\u00e3o Metropolitana de Sorocaba ao receber pela primeira vez o Empretec Rural, semin\u00e1rio voltado \u00e0 forma\u00e7\u00e3o de empreendedores do agroneg\u00f3cio.<\/p>\n<p>A <a href=\"https:\/\/www.canalrural.com.br\/empreendedorismo\/capacitacao-e-planejamento-financeiro-impulsionam-produtora-rural-a-crescer\/\">capacita\u00e7\u00e3o<\/a>, reconhecida internacionalmente, resulta de uma parceria entre o Sebrae\/SP e a Prefeitura. Com isso, busca fortalecer a gest\u00e3o e a competitividade dos neg\u00f3cios no campo.<\/p>\n<p>O curso acontece de 23 a 26 de junho, no Sindicato Rural de Boituva, e ser\u00e1 totalmente gratuito.<\/p>\n<p>Voltado a produtores rurais, t\u00e9cnicos, comerciantes e profissionais do setor, o programa se diferencia da vers\u00e3o tradicional, voltada para empreendedores urbanos. <\/p>\n<p>Com isso, o curso foi adaptado ao ambiente do agroneg\u00f3cio com metodologia desenvolvida pela Organiza\u00e7\u00e3o das Na\u00e7\u00f5es Unidas (ONU), considerada uma das mais eficazes do mundo na forma\u00e7\u00e3o de empreendedores.<\/p>\n<p>\u201cO comportamento empreendedor tamb\u00e9m \u00e9 essencial no campo. Trazer o Empretec para a realidade rural fortalece a gest\u00e3o das propriedades e amplia a vis\u00e3o de neg\u00f3cio do produtor\u201d, afirma Alexandre Martins, gerente regional do Sebrae\/SP.<\/p>\n<\/div>\n<div>\n<ul class=\"wp-block-list\">\n<li>Participe do Porteira Aberta Empreender: envie perguntas, sugest\u00f5es e conte sua hist\u00f3ria de empreendedorismo pelo\u00a0<a href=\"https:\/\/api.whatsapp.com\/send?phone=5511932796720&amp;PorteiraAbertaEmpreender=SuaMensagem\">WhatsApp<\/a><\/li>\n<\/ul>\n<h2 class=\"wp-block-heading\" id=\"h-experiencia-pratica-e-transformadora\">Experi\u00eancia pr\u00e1tica e transformadora<\/h2>\n<p>Com uma abordagem pr\u00e1tica e imersiva, o <a href=\"https:\/\/sp.agenciasebrae.com.br\/cultura-empreendedora\/boituva-recebe-primeira-edicao-do-empretec-rural-na-regiao-metropolitana-de-sorocaba-com-vagas-gratuitas\/\">Empretec Rural<\/a> oferece 60 horas de capacita\u00e7\u00e3o, distribu\u00eddas em seis dias consecutivos, das 8h \u00e0s 18h.<\/p>\n<p>A metodologia inclui din\u00e2micas pr\u00e1ticas, atividades de autoconhecimento e simula\u00e7\u00f5es que refletem os desafios do dia a dia no campo. Al\u00e9m disso, facilitadores certificados acompanham os participantes durante todo o processo.<\/p>\n<p>As vagas s\u00e3o limitadas, e os interessados precisam passar por um processo seletivo. Para participar, basta se inscrever diretamente com o consultor de neg\u00f3cios do Sebrae\/SP.<\/p>\n<h2 class=\"wp-block-heading\" id=\"h-servico\"><strong>SERVI\u00c7O<\/strong><\/h2>\n<p><strong>Semin\u00e1rio Empretec Rural \u2013 Boituva<\/strong><br \/>Datas: 23 a 26 de junho<br \/>Hor\u00e1rio: 8h \u00e0s 18h<br \/>Local: Sindicato Rural de Boituva<br \/>Endere\u00e7o: Rua Professor Jos\u00e9 Assad Atalla Junior, 535 \u2013 Jardim Oreana, Boituva\/SP<br \/>Informa\u00e7\u00f5es: (15) 3229-0295<\/p>\n<\/p><\/div>\n<p><br \/>\n<br \/><a href=\"https:\/\/www.canalrural.com.br\/empreendedorismo\/empretec-rural-chega-a-boituva-com-vagas-gratuitas-para-produtores\/\">Source link <\/a><\/p>\n","protected":false},"excerpt":{"rendered":"<p>Boituva, a 115 km de S\u00e3o Paulo, se destaca na Regi\u00e3o Metropolitana de Sorocaba ao receber pela primeira vez o<\/p>\n","protected":false},"author":1,"featured_media":14791,"comment_status":"open","ping_status":"open","sticky":false,"template":"","format":"standard","meta":{"_monsterinsights_skip_tracking":false,"_monsterinsights_sitenote_active":false,"_monsterinsights_sitenote_note":"","_monsterinsights_sitenote_category":0,"_uf_show_specific_survey":0,"_uf_disable_surveys":false,"footnotes":""},"categories":[1],"tags":[],"class_list":["post-14790","post","type-post","status-publish","format-standard","has-post-thumbnail","hentry","category-news"],"_links":{"self":[{"href":"https:\/\/agromt.news\/index.php?rest_route=\/wp\/v2\/posts\/14790"}],"collection":[{"href":"https:\/\/agromt.news\/index.php?rest_route=\/wp\/v2\/posts"}],"about":[{"href":"https:\/\/agromt.news\/index.php?rest_route=\/wp\/v2\/types\/post"}],"author":[{"embeddable":true,"href":"https:\/\/agromt.news\/index.php?rest_route=\/wp\/v2\/users\/1"}],"replies":[{"embeddable":true,"href":"https:\/\/agromt.news\/index.php?rest_route=%2Fwp%2Fv2%2Fcomments&post=14790"}],"version-history":[{"count":0,"href":"https:\/\/agromt.news\/index.php?rest_route=\/wp\/v2\/posts\/14790\/revisions"}],"wp:featuredmedia":[{"embeddable":true,"href":"https:\/\/agromt.news\/index.php?rest_route=\/wp\/v2\/media\/14791"}],"wp:attachment":[{"href":"https:\/\/agromt.news\/index.php?rest_route=%2Fwp%2Fv2%2Fmedia&parent=14790"}],"wp:term":[{"taxonomy":"category","embeddable":true,"href":"https:\/\/agromt.news\/index.php?rest_route=%2Fwp%2Fv2%2Fcategories&post=14790"},{"taxonomy":"post_tag","embeddable":true,"href":"https:\/\/agromt.news\/index.php?rest_route=%2Fwp%2Fv2%2Ftags&post=14790"}],"curies":[{"name":"wp","href":"https:\/\/api.w.org\/{rel}","templated":true}]}}