{"id":1479,"date":"2024-09-12T14:53:02","date_gmt":"2024-09-12T18:53:02","guid":{"rendered":"https:\/\/agromt.news\/?p=1479"},"modified":"2024-09-12T14:53:02","modified_gmt":"2024-09-12T18:53:02","slug":"conab-divulga-o-ultimo-levantamento-da-safra-2023-2024","status":"publish","type":"post","link":"https:\/\/agromt.news\/?p=1479","title":{"rendered":"Conab divulga o \u00faltimo levantamento da safra 2023\/2024"},"content":{"rendered":"<p> <br \/>\n<\/p>\n<div>\n<p>Conforme o 12\u00ba e \u00faltimo Levantamento da Safra de Gr\u00e3os 2023\/2024, divulgado nesta quinta-feira (12) pela Companhia Nacional de Abastecimento (Conab)<a href=\"https:\/\/www.noticiasagricolas.com.br\/noticias\/graos\/384733-conab-ultimo-levantamento-da-safra-2023-2024-estima-producao-de-graos-em-298-41-milhoes-de-toneladas.html\">, a soja se destaca como a principal cultura afetada pelo clima adverso<\/a>. O volume total colhido na safra 2023\/2024 \u00e9 estimado em 147,38 milh\u00f5es de toneladas, uma redu\u00e7\u00e3o de 7,23 milh\u00f5es de toneladas em rela\u00e7\u00e3o ao per\u00edodo 2022\/2023.<\/p>\n<p>A queda se deve, principalmente, ao atraso do in\u00edcio das chuvas, \u00e0s baixas precipita\u00e7\u00f5es e \u00e0s altas temperaturas nas \u00e1reas semeadas entre setembro e novembro, nas Regi\u00f5es Centro-Oeste, Sudeste e na regi\u00e3o do Matopiba, situa\u00e7\u00f5es que causaram replantios e perdas de produtividade. <\/p>\n<p>S\u00f3 em Mato Grosso, principal estado produtor do <a href=\"https:\/\/www.canalrural.com.br\/agricultura\/projeto-soja-brasil\/\">gr\u00e3o<\/a>, a produ\u00e7\u00e3o ficou em 39,34 milh\u00f5es de toneladas, quebra de 11,9% ao se comparar ao primeiro levantamento ou 15,7% ao se comparar com a safra passada. No Rio Grande do Sul, o excesso de chuva tamb\u00e9m prejudicou a produ\u00e7\u00e3o da oleaginosa.<\/p>\n<\/div>\n<div>\n<p class=\"has-text-align-center\"><em>Confira na palma da m\u00e3o informa\u00e7\u00f5es quentes sobre agricultura, pecu\u00e1ria, economia e previs\u00e3o do tempo:<a href=\"https:\/\/www.whatsapp.com\/channel\/0029Va9VnZxGk1FplZjiW43k\">\u00a0<strong>siga o Canal Rural no WhatsApp<\/strong><\/a>!<\/em><\/p>\n<h2 class=\"wp-block-heading\" id=\"h-safra-2023-24\">Safra 2023\/24<\/h2>\n<figure class=\"wp-block-image size-large\"><img fetchpriority=\"high\" decoding=\"async\" width=\"640\" height=\"383\" alt=\"Colheita de soja\" class=\"wp-image-2939095\"  data-lazy- src=\"https:\/\/agromt.news\/wp-content\/uploads\/2024\/09\/Conab-divulga-o-ultimo-levantamento-da-safra-20232024.jpg\"\/><img decoding=\"async\" width=\"640\" height=\"383\" src=\"https:\/\/agromt.news\/wp-content\/uploads\/2024\/09\/Conab-divulga-o-ultimo-levantamento-da-safra-20232024.jpg\" alt=\"Colheita de soja\" class=\"wp-image-2939095\"  \/><figcaption class=\"wp-element-caption\">Foto: Wenderson Araujo\/Trilux<\/figcaption><\/figure>\n<p>Na safra 2023\/2024, a produ\u00e7\u00e3o de gr\u00e3os atingiu 298,41 milh\u00f5es de toneladas, uma queda de 21,4 milh\u00f5es de toneladas em rela\u00e7\u00e3o ao ciclo anterior. A redu\u00e7\u00e3o \u00e9 atribu\u00edda \u00e0 irregularidade das chuvas no in\u00edcio do plantio e \u00e0 baixa precipita\u00e7\u00e3o durante parte do ciclo em regi\u00f5es como Centro-Oeste, Matopiba, S\u00e3o Paulo e Paran\u00e1, al\u00e9m do excesso de chuvas no Rio Grande do Sul, que afetou as lavouras de primeira safra. Apesar das adversidades em v\u00e1rios estados, a safra \u00e9 a segunda maior da s\u00e9rie hist\u00f3rica da Conab.<\/p>\n<p>O levantamento revela que a \u00e1rea semeada subiu para 79,82 milh\u00f5es de hectares, um aumento de 1,6% em rela\u00e7\u00e3o \u00e0 safra anterior. No entanto, a produtividade m\u00e9dia caiu 8,2%, passando de 4.072 quilos por hectare na temporada passada para 3.739 quilos por hectare neste ciclo.<\/p>\n<\/div>\n<p><br \/>\n<br \/><a href=\"https:\/\/www.canalrural.com.br\/agricultura\/projeto-soja-brasil\/soja-conab-divulga-ultimo-levantamento-da-safra-2023-2024\/\">Source link <\/a><\/p>\n","protected":false},"excerpt":{"rendered":"<p>Conforme o 12\u00ba e \u00faltimo Levantamento da Safra de Gr\u00e3os 2023\/2024, divulgado nesta quinta-feira (12) pela Companhia Nacional de Abastecimento<\/p>\n","protected":false},"author":1,"featured_media":1480,"comment_status":"open","ping_status":"open","sticky":false,"template":"","format":"standard","meta":{"_monsterinsights_skip_tracking":false,"_monsterinsights_sitenote_active":false,"_monsterinsights_sitenote_note":"","_monsterinsights_sitenote_category":0,"_uf_show_specific_survey":0,"_uf_disable_surveys":false,"footnotes":""},"categories":[1],"tags":[],"class_list":["post-1479","post","type-post","status-publish","format-standard","has-post-thumbnail","hentry","category-news"],"_links":{"self":[{"href":"https:\/\/agromt.news\/index.php?rest_route=\/wp\/v2\/posts\/1479"}],"collection":[{"href":"https:\/\/agromt.news\/index.php?rest_route=\/wp\/v2\/posts"}],"about":[{"href":"https:\/\/agromt.news\/index.php?rest_route=\/wp\/v2\/types\/post"}],"author":[{"embeddable":true,"href":"https:\/\/agromt.news\/index.php?rest_route=\/wp\/v2\/users\/1"}],"replies":[{"embeddable":true,"href":"https:\/\/agromt.news\/index.php?rest_route=%2Fwp%2Fv2%2Fcomments&post=1479"}],"version-history":[{"count":0,"href":"https:\/\/agromt.news\/index.php?rest_route=\/wp\/v2\/posts\/1479\/revisions"}],"wp:featuredmedia":[{"embeddable":true,"href":"https:\/\/agromt.news\/index.php?rest_route=\/wp\/v2\/media\/1480"}],"wp:attachment":[{"href":"https:\/\/agromt.news\/index.php?rest_route=%2Fwp%2Fv2%2Fmedia&parent=1479"}],"wp:term":[{"taxonomy":"category","embeddable":true,"href":"https:\/\/agromt.news\/index.php?rest_route=%2Fwp%2Fv2%2Fcategories&post=1479"},{"taxonomy":"post_tag","embeddable":true,"href":"https:\/\/agromt.news\/index.php?rest_route=%2Fwp%2Fv2%2Ftags&post=1479"}],"curies":[{"name":"wp","href":"https:\/\/api.w.org\/{rel}","templated":true}]}}