{"id":14786,"date":"2025-06-08T01:17:26","date_gmt":"2025-06-08T05:17:26","guid":{"rendered":"https:\/\/agromt.news\/?p=14786"},"modified":"2025-06-08T01:17:26","modified_gmt":"2025-06-08T05:17:26","slug":"gripe-aviaria-para-cepea-setor-vai-conter-caso-de-gripe-aviaria-e-negociar","status":"publish","type":"post","link":"https:\/\/agromt.news\/?p=14786","title":{"rendered":"Gripe Avi\u00e1ria: Para Cepea, setor vai conter caso de gripe avi\u00e1ria e negociar&#8230;"},"content":{"rendered":"<p> <br \/>\n<\/p>\n<div>\n<p>\u00a0A confirma\u00e7\u00e3o de um caso de gripe avi\u00e1ria numa granja de matrizes (de ovos f\u00e9rteis) no munic\u00edpio de Montenegro, Rio Grande do Sul, nesta quinta-feira, 15, deixa o setor em alerta. O Minist\u00e9rio da Agricultura informa que j\u00e1 acionou o protocolo de conting\u00eancia e declarou autoembargo de carne de frango do Rio Grande do Sul para todos os destinos.<\/p>\n<p>Por cl\u00e1usula contratual, foi autom\u00e1tica a suspens\u00e3o por parte da China e da Uni\u00e3o Europeia das compras de carne de aves de todo o Brasil. Com o Jap\u00e3o, foi assinada no final de mar\u00e7o a regionaliza\u00e7\u00e3o do Certificado Sanit\u00e1rio Internacional, que implica na suspens\u00e3o das compras da carne produzida apenas no munic\u00edpio onde um caso de doen\u00e7a avi\u00e1ria for detectado. Outros importadores tamb\u00e9m podem vir a embargar a carne brasileira.<\/p>\n<p>Pesquisadores do Cepea informam que cerca de um ter\u00e7o da produ\u00e7\u00e3o brasileira de carne de frango \u00e9 exportada para dezenas de parceiros comerciais. A China \u00e9 a maior compradora, mas sua participa\u00e7\u00e3o se limita a pouco mais de 10% de todo o volume vendido ao exterior. A Uni\u00e3o Europeia comprou, em 2024, aproximadamente 4,5%; os pa\u00edses do Oriente M\u00e9dio, em conjunto, respondem por cerca de 30% das exporta\u00e7\u00f5es de carne de frango.<\/p>\n<p><strong>Pesquisadores do Cepea\u00a0<\/strong>avaliamque o setor tem capacidade de intensificar os protocolos sanit\u00e1rios e conter a doen\u00e7a rapidamente. Ponderam que \u00e9 preciso aguardar os esfor\u00e7os da diplomacia comercial brasileira que devem agir no sentido de atenuar a \u00e1rea de embargo da China e Uni\u00e3o Europeia. Flexibilizar a suspens\u00e3o total da carne de aves do Brasil, prevista em contrato, pode interessar tamb\u00e9m \u00e0 China e \u00e0 UE, dado o impacto que seus consumidores teriam com o n\u00e3o recebimento do produto.<\/p>\n<p>Na avalia\u00e7\u00e3o de pesquisadores do Cepea, a suspens\u00e3o por parte da China e da UE de toda a carne de aves brasileira teria impacto de m\u00e9dia intensidade no equil\u00edbrio de mercado n\u00e3o s\u00f3 de frango, mas tamb\u00e9m das carnes su\u00edna e bovina; gr\u00e3os, principalmente, milho tamb\u00e9m seria influenciado. Por\u00e9m, o caso \u00e9 muito recente e, na an\u00e1lise dos especialistas do Cepea, ainda \u00e9 cedo para cen\u00e1rios.<\/p>\n<p>O mercado de ovos, no entanto, \u00e9 diretamente afetado com o autoembargo das exporta\u00e7\u00f5es de todos os produtos de aves do Rio Grande do Sul, que responde por cerca de um ter\u00e7o dos ovos exportados pelo Brasil.<\/p>\n<p>At\u00e9 ent\u00e3o, o mercado interno de frango vinha com pre\u00e7os firmes ao produtor e no atacado da carne, com boa liquidez nas \u00faltimas semanas. O escoamento proporcionado pela exporta\u00e7\u00e3o tem grande influ\u00eancia sobre o equil\u00edbrio dom\u00e9stico dos pre\u00e7os.<\/p>\n<\/p><\/div>\n<p><script async defer src=\"https:\/\/connect.facebook.net\/en_US\/sdk.js\" type=\"e14da44c6be8a850b9a10233-text\/javascript\"><\/script><script type=\"e14da44c6be8a850b9a10233-text\/javascript\">\n  !function(f,b,e,v,n,t,s)\n  {if(f.fbq)return;n=f.fbq=function(){n.callMethod?\n    n.callMethod.apply(n,arguments):n.queue.push(arguments)};\n    if(!f._fbq)f._fbq=n;n.push=n;n.loaded=!0;n.version='2.0';\n    n.queue=[];t=b.createElement(e);t.async=!0;\n    t.src=v;s=b.getElementsByTagName(e)[0];\n    s.parentNode.insertBefore(t,s)}(window, document,'script',\n    'https:\/\/connect.facebook.net\/en_US\/fbevents.js');\n  fbq('init', '153495679422335');\n  fbq('track', 'PageView');\n<\/script><br \/>\n<br \/><br \/>\n<br \/><a href=\"https:\/\/www.noticiasagricolas.com.br\/noticias\/granjeiros\/400646-gripe-aviaria-para-cepea-setor-vai-conter-caso-de-gripe-aviaria-e-negociar-flexibilizacao-de-embargos.html\">Source link <\/a><\/p>\n","protected":false},"excerpt":{"rendered":"<p>\u00a0A confirma\u00e7\u00e3o de um caso de gripe avi\u00e1ria numa granja de matrizes (de ovos f\u00e9rteis) no munic\u00edpio de Montenegro, Rio<\/p>\n","protected":false},"author":1,"featured_media":14787,"comment_status":"open","ping_status":"open","sticky":false,"template":"","format":"standard","meta":{"_monsterinsights_skip_tracking":false,"_monsterinsights_sitenote_active":false,"_monsterinsights_sitenote_note":"","_monsterinsights_sitenote_category":0,"_uf_show_specific_survey":0,"_uf_disable_surveys":false,"footnotes":""},"categories":[8,1,14,16],"tags":[],"class_list":["post-14786","post","type-post","status-publish","format-standard","has-post-thumbnail","hentry","category-agro","category-news","category-politica-agro","category-safra"],"_links":{"self":[{"href":"https:\/\/agromt.news\/index.php?rest_route=\/wp\/v2\/posts\/14786"}],"collection":[{"href":"https:\/\/agromt.news\/index.php?rest_route=\/wp\/v2\/posts"}],"about":[{"href":"https:\/\/agromt.news\/index.php?rest_route=\/wp\/v2\/types\/post"}],"author":[{"embeddable":true,"href":"https:\/\/agromt.news\/index.php?rest_route=\/wp\/v2\/users\/1"}],"replies":[{"embeddable":true,"href":"https:\/\/agromt.news\/index.php?rest_route=%2Fwp%2Fv2%2Fcomments&post=14786"}],"version-history":[{"count":0,"href":"https:\/\/agromt.news\/index.php?rest_route=\/wp\/v2\/posts\/14786\/revisions"}],"wp:featuredmedia":[{"embeddable":true,"href":"https:\/\/agromt.news\/index.php?rest_route=\/wp\/v2\/media\/14787"}],"wp:attachment":[{"href":"https:\/\/agromt.news\/index.php?rest_route=%2Fwp%2Fv2%2Fmedia&parent=14786"}],"wp:term":[{"taxonomy":"category","embeddable":true,"href":"https:\/\/agromt.news\/index.php?rest_route=%2Fwp%2Fv2%2Fcategories&post=14786"},{"taxonomy":"post_tag","embeddable":true,"href":"https:\/\/agromt.news\/index.php?rest_route=%2Fwp%2Fv2%2Ftags&post=14786"}],"curies":[{"name":"wp","href":"https:\/\/api.w.org\/{rel}","templated":true}]}}