{"id":14779,"date":"2025-06-07T17:41:35","date_gmt":"2025-06-07T21:41:35","guid":{"rendered":"https:\/\/agromt.news\/?p=14779"},"modified":"2025-06-07T17:41:35","modified_gmt":"2025-06-07T21:41:35","slug":"preco-do-cacau-reage-a-incertezas-na-africa","status":"publish","type":"post","link":"https:\/\/agromt.news\/?p=14779","title":{"rendered":"Pre\u00e7o do cacau reage a incertezas na \u00c1frica"},"content":{"rendered":"<p> <br \/>\n<\/p>\n<div>\n<div class=\"row\">\n<div class=\"col-lg col-infos mt-0 mt-lg-0\">\n<div class=\"section-sub-title\">\n<p itemprop=\"description\">&#13;<br \/>\n                                Cacau sobe, mas cen\u00e1rio clim\u00e1tico ainda preocupa&#13;\n                            <\/p>\n<\/p><\/div>\n<div class=\"container\">\n<div class=\"row\">\n<div class=\"col-lg p-0\">\n<div>\n<div class=\"block-news-main-infos mt-3 text-start\">\n<p>                                            <strong class=\"fn\" itemprop=\"author\" style=\"color: rgb(112, 112, 112); \">&#13;<br \/>\n                                                <a href=\"https:\/\/www.agrolink.com.br\/noticias\/javascript:;\" class=\"text-uppercase\" target=\"_blank\" style=\"color: rgb(112, 112, 112); \" rel=\"noopener\">Agrolink<\/a>&#13;<br \/>\n&#13;<br \/>\n                                                    &#8211; Seane Lennon&#13;<br \/>\n&#13;<br \/>\n                                            <\/strong><br \/>\n                                        <\/p>\n<p>                                            <abbr><time datetime=\"2025-06-06T16:11\" itemprop=\"datePublished dateModified\">Publicado em 06\/06\/2025 \u00e0s 16:11h.<\/time><\/abbr><br \/>\n                                            <\/p><\/div>\n<\/p><\/div>\n<\/p><\/div>\n<div class=\"col-lg p-0 text-lg-end\">\n<div>\n<div id=\"mdEnviarPagina\" class=\"modal fade\" role=\"dialog\">\n<div class=\"modal-dialog\">\n<div class=\"modal-content\">\n<div class=\"modal-body\">\n<p><strong>Estimado usu\u00e1rio.<\/strong><br \/>Preencha o formul\u00e1rio abaixo para remeter a p\u00e1gina.<\/p>\n<\/p><\/div>\n<\/p><\/div>\n<\/p><\/div>\n<\/div><\/div>\n<\/p><\/div>\n<\/p><\/div>\n<\/p><\/div>\n<\/p><\/div>\n<\/p><\/div>\n<div class=\"row justify-content-md-center mt-3\">\n<div class=\"col-lg-auto col-image block-news-main-image\">\n<p>                                <img decoding=\"async\" src=\"https:\/\/www.agrolink.com.br\/upload\/imagens-resizes\/83375c2aecdf4d4a9cea74559912b038_858x483.jpg\" class=\"lazyload img-fluid\"\/><br \/>\n                                                <span class=\"publicity-photo d-block mt-1\">Foto: Divulga\u00e7\u00e3o<\/span><\/p><\/div>\n<\/p><\/div>\n<div class=\"section-description section-description-noticias mt-3\">\n<p style=\"text-align:justify\">O mercado internacional de cacau segue marcado por forte volatilidade, em meio a incertezas clim\u00e1ticas na \u00c1frica Ocidental, preocupa\u00e7\u00f5es com a qualidade das am\u00eandoas e medidas regulat\u00f3rias na Costa do Marfim. Os contratos futuros da commodity apresentaram oscila\u00e7\u00f5es expressivas nas \u00faltimas semanas. Em 5 de junho, o contrato de julho fechou a 10.076 d\u00f3lares por tonelada em Nova York e 6.612 libras por tonelada em Londres, ap\u00f3s ter alcan\u00e7ado a m\u00e1xima de tr\u00eas meses e meio.&#13;\n<\/p>\n<p style=\"text-align:justify\">\u201cAs recentes chuvas acima da m\u00e9dia em regi\u00f5es produtoras da Costa do Marfim e Gana trouxeram al\u00edvio moment\u00e2neo ao mercado, mas o volume acumulado desde o in\u00edcio da safra 24\/25 ainda est\u00e1 abaixo da m\u00e9dia hist\u00f3rica. A continuidade das precipita\u00e7\u00f5es ao longo de junho e julho ser\u00e1 determinante para o desempenho da pr\u00f3xima safra principal (25\/26)\u201d, afirma Carolina Fran\u00e7a, analista de intelig\u00eancia de mercado da Hedgepoint Global Markets.<\/p>\n<p style=\"text-align:justify\">Apesar da melhora pontual nas condi\u00e7\u00f5es clim\u00e1ticas, a qualidade das am\u00eandoas segue sendo um fator de preocupa\u00e7\u00e3o, sobretudo em \u00e1reas impactadas por estiagens no in\u00edcio do ano. Como resposta ao cen\u00e1rio de oferta restrita, o \u00f3rg\u00e3o regulador do cacau da Costa do Marfim anunciou a inten\u00e7\u00e3o de limitar as exporta\u00e7\u00f5es da pr\u00f3xima safra a 1,3 milh\u00e3o de toneladas, volume inferior \u00e0 m\u00e9dia de 1,7 milh\u00e3o de toneladas registrada nos \u00faltimos anos.&#13;\n<\/p>\n<p style=\"text-align:justify\">A redu\u00e7\u00e3o projetada nas exporta\u00e7\u00f5es, somada \u00e0 desacelera\u00e7\u00e3o nas entregas aos portos e \u00e0 incerteza sobre a safra futura, tem sustentado os pre\u00e7os no curto prazo. O aumento do spread entre os contratos com vencimento em julho e setembro de 2025, em ambos os principais mercados futuros, reflete a apreens\u00e3o dos agentes econ\u00f4micos quanto \u00e0 disponibilidade imediata da commodity.<\/p>\n<p style=\"text-align:justify\">Contudo, se as previs\u00f5es clim\u00e1ticas forem confirmadas e produtores de outras regi\u00f5es, como o Equador, mantiverem o desempenho atual, o suporte aos pre\u00e7os poder\u00e1 enfraquecer nos pr\u00f3ximos meses. Os spreads futuros indicam firmeza no curto prazo, mas o cen\u00e1rio permanece incerto para o m\u00e9dio e longo prazo. As pr\u00f3ximas semanas ser\u00e3o decisivas para a defini\u00e7\u00e3o da safra 2025\/26, com impactos diretos sobre o comportamento dos pre\u00e7os no mercado internacional.&#13;\n<\/p>\n<\/p><\/div>\n<\/p><\/div>\n<p><script data-cfasync=\"false\">\n    !function (f, b, e, v, n, t, s) {\n        if (f.fbq) return; n = f.fbq = function () {\n            n.callMethod ?\n                n.callMethod.apply(n, arguments) : n.queue.push(arguments)\n        };\n        if (!f._fbq) f._fbq = n; n.push = n; n.loaded = !0; n.version = '2.0';\n        n.queue = []; t = b.createElement(e); t.async = !0;\n        t.src = v; s = b.getElementsByTagName(e)[0];\n        s.parentNode.insertBefore(t, s)\n    }(window, document, 'script',\n        'https:\/\/connect.facebook.net\/en_US\/fbevents.js');\n    fbq('init', '522546078623747');\n    fbq('track', 'PageView');\n<\/script><br \/>\n<br \/><br \/>\n<br \/><a href=\"https:\/\/www.agrolink.com.br\/noticias\/preco-do-cacau-reage-a-incertezas-na-africa_502693.html\">Source link <\/a><\/p>\n","protected":false},"excerpt":{"rendered":"<p>&#13; Cacau sobe, mas cen\u00e1rio clim\u00e1tico ainda preocupa&#13; &#13; Agrolink&#13; &#13; &#8211; Seane Lennon&#13; &#13; Publicado em 06\/06\/2025 \u00e0s 16:11h.<\/p>\n","protected":false},"author":1,"featured_media":11558,"comment_status":"open","ping_status":"open","sticky":false,"template":"","format":"standard","meta":{"_monsterinsights_skip_tracking":false,"_monsterinsights_sitenote_active":false,"_monsterinsights_sitenote_note":"","_monsterinsights_sitenote_category":0,"_uf_show_specific_survey":0,"_uf_disable_surveys":false,"footnotes":""},"categories":[8,1,14],"tags":[],"class_list":["post-14779","post","type-post","status-publish","format-standard","has-post-thumbnail","hentry","category-agro","category-news","category-politica-agro"],"_links":{"self":[{"href":"https:\/\/agromt.news\/index.php?rest_route=\/wp\/v2\/posts\/14779"}],"collection":[{"href":"https:\/\/agromt.news\/index.php?rest_route=\/wp\/v2\/posts"}],"about":[{"href":"https:\/\/agromt.news\/index.php?rest_route=\/wp\/v2\/types\/post"}],"author":[{"embeddable":true,"href":"https:\/\/agromt.news\/index.php?rest_route=\/wp\/v2\/users\/1"}],"replies":[{"embeddable":true,"href":"https:\/\/agromt.news\/index.php?rest_route=%2Fwp%2Fv2%2Fcomments&post=14779"}],"version-history":[{"count":0,"href":"https:\/\/agromt.news\/index.php?rest_route=\/wp\/v2\/posts\/14779\/revisions"}],"wp:featuredmedia":[{"embeddable":true,"href":"https:\/\/agromt.news\/index.php?rest_route=\/wp\/v2\/media\/11558"}],"wp:attachment":[{"href":"https:\/\/agromt.news\/index.php?rest_route=%2Fwp%2Fv2%2Fmedia&parent=14779"}],"wp:term":[{"taxonomy":"category","embeddable":true,"href":"https:\/\/agromt.news\/index.php?rest_route=%2Fwp%2Fv2%2Fcategories&post=14779"},{"taxonomy":"post_tag","embeddable":true,"href":"https:\/\/agromt.news\/index.php?rest_route=%2Fwp%2Fv2%2Ftags&post=14779"}],"curies":[{"name":"wp","href":"https:\/\/api.w.org\/{rel}","templated":true}]}}