{"id":14777,"date":"2025-06-07T15:44:33","date_gmt":"2025-06-07T19:44:33","guid":{"rendered":"https:\/\/agromt.news\/?p=14777"},"modified":"2025-06-07T15:44:33","modified_gmt":"2025-06-07T19:44:33","slug":"armazenagem-nas-fazendas-cresce-72-em-15-anos","status":"publish","type":"post","link":"https:\/\/agromt.news\/?p=14777","title":{"rendered":"Armazenagem nas fazendas cresce 72% em 15 anos"},"content":{"rendered":"<p> <br \/>\n<\/p>\n<div>\n<p style=\"text-align:justify\">A capacidade de armazenagem nas propriedades rurais brasileiras aumentou 72,13% nos \u00faltimos 15 anos, segundo dados do Sistema de Cadastro Nacional de Unidades Armazenadoras (Sicarm), divulgados nesta quinta-feira (5) pela Companhia Nacional de Abastecimento (Conab). De acordo com o levantamento, em 2010 os produtores contavam com 20,68 milh\u00f5es de toneladas de capacidade est\u00e1tica em suas fazendas. Em 2025, esse n\u00famero chegou a 35,64 milh\u00f5es de toneladas.&#13;\n<\/p>\n<p style=\"text-align:justify\">O avan\u00e7o acompanha a tend\u00eancia nacional de crescimento na capacidade de armazenamento, embora a taxa m\u00e9dia de expans\u00e3o nas propriedades tenha superado o ritmo nacional. Enquanto o crescimento m\u00e9dio no Brasil foi de 2,86% ao ano, nas propriedades rurais o avan\u00e7o chegou a 3,69% ao ano.<\/p>\n<p style=\"text-align:justify\">Segundo os dados do Sicarm, Mato Grosso \u00e9 o estado com maior capacidade de armazenagem nas propriedades, seguido por Bahia, S\u00e3o Paulo, Minas Gerais e Rio Grande do Sul. Em Mato Grosso, o volume armazenado nas fazendas passou de 9,62 milh\u00f5es de toneladas em 2017 para aproximadamente 14,7 milh\u00f5es em 2025, um crescimento de 52,7%.&#13;\n<\/p>\n<p style=\"text-align:justify\">Destaque tamb\u00e9m para os estados do Piau\u00ed e Tocantins, integrantes da regi\u00e3o conhecida como MATOPIBA. No Piau\u00ed, os investimentos permitiram que a capacidade saltasse de 246,25 mil toneladas para 1,77 milh\u00e3o de toneladas. J\u00e1 em Tocantins, o volume passou de 361,59 mil toneladas para 1,12 milh\u00e3o, um avan\u00e7o de 210,54%. Tamb\u00e9m registraram crescimento relevante os estados do Par\u00e1, Roraima e S\u00e3o Paulo.<\/p>\n<p style=\"text-align:justify\">As informa\u00e7\u00f5es fazem parte do Anu\u00e1rio Agrolog\u00edstico 2025, publica\u00e7\u00e3o da Conab que re\u00fane dados atualizados sobre armazenagem, exporta\u00e7\u00f5es de gr\u00e3os e importa\u00e7\u00e3o de fertilizantes. O material est\u00e1 dispon\u00edvel para consulta no site da Companhia.<\/p>\n<\/p><\/div>\n<p><script data-cfasync=\"false\">\n    !function (f, b, e, v, n, t, s) {\n        if (f.fbq) return; n = f.fbq = function () {\n            n.callMethod ?\n                n.callMethod.apply(n, arguments) : n.queue.push(arguments)\n        };\n        if (!f._fbq) f._fbq = n; n.push = n; n.loaded = !0; n.version = '2.0';\n        n.queue = []; t = b.createElement(e); t.async = !0;\n        t.src = v; s = b.getElementsByTagName(e)[0];\n        s.parentNode.insertBefore(t, s)\n    }(window, document, 'script',\n        'https:\/\/connect.facebook.net\/en_US\/fbevents.js');\n    fbq('init', '522546078623747');\n    fbq('track', 'PageView');\n<\/script><br \/>\n<br \/><br \/>\n<br \/><a href=\"https:\/\/www.agrolink.com.br\/noticias\/armazenagem-nas-fazendas-cresce-72--em-15-anos_502698.html\">Source link <\/a><\/p>\n","protected":false},"excerpt":{"rendered":"<p>A capacidade de armazenagem nas propriedades rurais brasileiras aumentou 72,13% nos \u00faltimos 15 anos, segundo dados do Sistema de Cadastro<\/p>\n","protected":false},"author":1,"featured_media":14778,"comment_status":"open","ping_status":"open","sticky":false,"template":"","format":"standard","meta":{"_monsterinsights_skip_tracking":false,"_monsterinsights_sitenote_active":false,"_monsterinsights_sitenote_note":"","_monsterinsights_sitenote_category":0,"_uf_show_specific_survey":0,"_uf_disable_surveys":false,"footnotes":""},"categories":[8,1,14],"tags":[],"class_list":["post-14777","post","type-post","status-publish","format-standard","has-post-thumbnail","hentry","category-agro","category-news","category-politica-agro"],"_links":{"self":[{"href":"https:\/\/agromt.news\/index.php?rest_route=\/wp\/v2\/posts\/14777"}],"collection":[{"href":"https:\/\/agromt.news\/index.php?rest_route=\/wp\/v2\/posts"}],"about":[{"href":"https:\/\/agromt.news\/index.php?rest_route=\/wp\/v2\/types\/post"}],"author":[{"embeddable":true,"href":"https:\/\/agromt.news\/index.php?rest_route=\/wp\/v2\/users\/1"}],"replies":[{"embeddable":true,"href":"https:\/\/agromt.news\/index.php?rest_route=%2Fwp%2Fv2%2Fcomments&post=14777"}],"version-history":[{"count":0,"href":"https:\/\/agromt.news\/index.php?rest_route=\/wp\/v2\/posts\/14777\/revisions"}],"wp:featuredmedia":[{"embeddable":true,"href":"https:\/\/agromt.news\/index.php?rest_route=\/wp\/v2\/media\/14778"}],"wp:attachment":[{"href":"https:\/\/agromt.news\/index.php?rest_route=%2Fwp%2Fv2%2Fmedia&parent=14777"}],"wp:term":[{"taxonomy":"category","embeddable":true,"href":"https:\/\/agromt.news\/index.php?rest_route=%2Fwp%2Fv2%2Fcategories&post=14777"},{"taxonomy":"post_tag","embeddable":true,"href":"https:\/\/agromt.news\/index.php?rest_route=%2Fwp%2Fv2%2Ftags&post=14777"}],"curies":[{"name":"wp","href":"https:\/\/api.w.org\/{rel}","templated":true}]}}