{"id":14775,"date":"2025-06-07T13:48:07","date_gmt":"2025-06-07T17:48:07","guid":{"rendered":"https:\/\/agromt.news\/?p=14775"},"modified":"2025-06-07T13:48:07","modified_gmt":"2025-06-07T17:48:07","slug":"produtores-devem-antecipar-as-lavouras-de-trigo-no-oeste-catarinense","status":"publish","type":"post","link":"https:\/\/agromt.news\/?p=14775","title":{"rendered":"Produtores devem antecipar as lavouras de trigo no Oeste Catarinense"},"content":{"rendered":"<p> <br \/>\n<\/p>\n<div>\n<p style=\"text-align:justify\">Antecipar a semeadura do <a href=\"https:\/\/www.agrolink.com.br\/culturas\/trigo\/?utm_source=agrolink-detalhe-noticia&amp;utm_medium=detalhe-noticia&amp;utm_campaign=links-internos\" target=\"_blank\" rel=\"noopener\">trigo<\/a> \u00e9 o caminho para aumentar a produ\u00e7\u00e3o desse cereal no Oeste Catarinense. A recomenda\u00e7\u00e3o vem da Epagri: uma pesquisa realizada em Chapec\u00f3 (SC) apontou que, quando o agricultor implanta a lavoura entre 11 de maio e 17 de junho, consegue colher mais cedo, evitando sobreposi\u00e7\u00e3o com o plantio da <a href=\"https:\/\/www.agrolink.com.br\/culturas\/soja?utm_source=agrolink-detalhe-noticia&amp;utm_medium=detalhe-noticia&amp;utm_campaign=links-internos\" target=\"_blank\" rel=\"noopener\">soja<\/a>, que vem na sequ\u00eancia.&#13;\n<\/p>\n<p style=\"text-align:justify\">\u201cEssa mudan\u00e7a melhora a efici\u00eancia da produ\u00e7\u00e3o agr\u00edcola e permite cultivar cereais de inverno, incentivando os agricultores a usarem suas terras nesse per\u00edodo, ao inv\u00e9s de deix\u00e1-las em pousio\u201d, diz Sydney Kavalco, pesquisador da Epagri. A antecipa\u00e7\u00e3o da semeadura tamb\u00e9m pode aumentar a produtividade do trigo, pois aproveita condi\u00e7\u00f5es clim\u00e1ticas mais favor\u00e1veis, reduzindo o risco de geadas e garantindo que as plantas se desenvolvam melhor.\u00a0<\/p>\n<p style=\"text-align:justify\">permite alcan\u00e7ar uma produ\u00e7\u00e3o superior a 4t\/ha. \u201cAo seguir a recomenda\u00e7\u00e3o de semeadura entre 11\/05 e 17\/06 com cultivares de ciclo precoce ou m\u00e9dio, todos os ensaios alcan\u00e7aram matura\u00e7\u00e3o fisiol\u00f3gica e colheita at\u00e9 o final de outubro\u201d, informa o pesquisador da Epagri.\u00a0<\/p>\n<p style=\"text-align:justify\">Nos ensaios, realizados ao longo de seis anos (2018 a 2023), cultivares como TBIO Ponteiro, TBIO Motriz e BRS 374 foram altamente produtivos quando plantados nas datas recomendadas. \u201cEsses cultivares s\u00e3o adaptados \u00e0s condi\u00e7\u00f5es clim\u00e1ticas da regi\u00e3o, oferecendo resist\u00eancia a varia\u00e7\u00f5es de temperatura e umidade\u201d, explica Sydney.<\/p>\n<p style=\"text-align:justify\"><strong>Sustentabilidade<\/strong><\/p>\n<p style=\"text-align:justify\">A orienta\u00e7\u00e3o da Epagri viabiliza o cultivo com cobertura de seguro agr\u00edcola e zoneamento oficial do Minist\u00e9rio da Agricultura. Al\u00e9m disso, contribui para a sustentabilidade, melhorando a qualidade do solo e a rota\u00e7\u00e3o de culturas. Os resultados da pesquisa est\u00e3o no Boletim T\u00e9cnico n\u00ba 224, publicado pela Epagri.&#13;\n<\/p>\n<p style=\"text-align:justify\">A semeadura antecipada do trigo no Oeste Catarinense vem sendo orientada pela Epagri e pelas cooperativas da regi\u00e3o em palestras, dias de campo e visitas \u00e0s propriedades. De acordo com Sydney, embora alguns produtores j\u00e1 antecipassem o plantio, a pesquisa apontou os melhores cultivares para essa \u00e9poca, o que impacta diretamente na produtividade.<\/p>\n<p style=\"text-align:justify\"><strong>Trigo em SC<\/strong><\/p>\n<p style=\"text-align:justify\">Apesar de alcan\u00e7ar boa produtividade e ter grande potencial para expandir o cultivo de trigo, Santa Catarina contribui com apenas 4% da produ\u00e7\u00e3o brasileira desse cereal, segundo dados da Epagri\/Cepa. Essa pequena participa\u00e7\u00e3o \u00e9 atribu\u00edda, principalmente, \u00e0 sobreposi\u00e7\u00e3o do per\u00edodo de cultivo do trigo com as \u00e9pocas de semeadura da soja.<\/p>\n<p style=\"text-align:justify\">Nos \u00faltimos anos, a \u00e1rea de produ\u00e7\u00e3o de trigo em Santa Catarina mais que dobrou. Na safra 2020\/21, o Estado tinha 58 mil hectares plantados. Em 2024\/25, foram cultivados 123 mil hectares. As recomenda\u00e7\u00f5es para os agricultores sobre a \u00e9poca de semeadura e os cultivares mais adequados t\u00eam contribu\u00eddo para essa expans\u00e3o.\u00a0<\/p>\n<p style=\"text-align:justify\">Ao mesmo tempo, as pol\u00edticas p\u00fablicas do Governo do Estado v\u00eam impactando positivamente a expans\u00e3o da \u00e1rea com cereais de inverno em Santa Catarina, especialmente para suprir o d\u00e9ficit de milho para ra\u00e7\u00e3o animal. A edi\u00e7\u00e3o 2025 do Projeto Cultivo de Cereais de Inverno \u2013 do Programa Terra Boa, executado pela Secretaria de Estado da Agricultura e Pecu\u00e1ria (SAR), est\u00e1 em opera\u00e7\u00e3o desde o in\u00edcio de abril. Essa \u00e9 uma das iniciativas para diminuir o d\u00e9ficit no abastecimento de milho no Estado.&#13;\n<\/p>\n<p style=\"text-align:justify\">Os agricultores j\u00e1 podem procurar as cooperativas ou casas agropecu\u00e1rias credenciadas e formalizar o projeto de parceria. No contrato, o agricultor se compromete a cultivar os cereais, seguir a orienta\u00e7\u00e3o t\u00e9cnica, utilizar as tecnologias indicadas e fazer a entrega da produ\u00e7\u00e3o para fabrica\u00e7\u00e3o de ra\u00e7\u00e3o animal. A subven\u00e7\u00e3o \u00e9 feita de acordo com a \u00e1rea cultivada, limitada a 10 hectares por agricultor. Neste ano, o Governo do Estado dever\u00e1 investir cerca de \u00a0R$ 4,1 milh\u00f5es no projeto, com previs\u00e3o de alcan\u00e7ar \u00a0at\u00e9 10 mil hectares cultivados com cereais de inverno, \u00a0representando aumento de 6,1% no valor por hectare apoiado.<\/p>\n<\/p><\/div>\n<p><script data-cfasync=\"false\">\n    !function (f, b, e, v, n, t, s) {\n        if (f.fbq) return; n = f.fbq = function () {\n            n.callMethod ?\n                n.callMethod.apply(n, arguments) : n.queue.push(arguments)\n        };\n        if (!f._fbq) f._fbq = n; n.push = n; n.loaded = !0; n.version = '2.0';\n        n.queue = []; t = b.createElement(e); t.async = !0;\n        t.src = v; s = b.getElementsByTagName(e)[0];\n        s.parentNode.insertBefore(t, s)\n    }(window, document, 'script',\n        'https:\/\/connect.facebook.net\/en_US\/fbevents.js');\n    fbq('init', '522546078623747');\n    fbq('track', 'PageView');\n<\/script><br \/>\n<br \/><br \/>\n<br \/><a href=\"https:\/\/www.agrolink.com.br\/noticias\/produtores-devem-antecipar-as-lavouras-de-trigo-no-oeste-catarinense_502699.html\">Source link <\/a><\/p>\n","protected":false},"excerpt":{"rendered":"<p>Antecipar a semeadura do trigo \u00e9 o caminho para aumentar a produ\u00e7\u00e3o desse cereal no Oeste Catarinense. A recomenda\u00e7\u00e3o vem<\/p>\n","protected":false},"author":1,"featured_media":2035,"comment_status":"open","ping_status":"open","sticky":false,"template":"","format":"standard","meta":{"_monsterinsights_skip_tracking":false,"_monsterinsights_sitenote_active":false,"_monsterinsights_sitenote_note":"","_monsterinsights_sitenote_category":0,"_uf_show_specific_survey":0,"_uf_disable_surveys":false,"footnotes":""},"categories":[8,1,14],"tags":[],"class_list":["post-14775","post","type-post","status-publish","format-standard","has-post-thumbnail","hentry","category-agro","category-news","category-politica-agro"],"_links":{"self":[{"href":"https:\/\/agromt.news\/index.php?rest_route=\/wp\/v2\/posts\/14775"}],"collection":[{"href":"https:\/\/agromt.news\/index.php?rest_route=\/wp\/v2\/posts"}],"about":[{"href":"https:\/\/agromt.news\/index.php?rest_route=\/wp\/v2\/types\/post"}],"author":[{"embeddable":true,"href":"https:\/\/agromt.news\/index.php?rest_route=\/wp\/v2\/users\/1"}],"replies":[{"embeddable":true,"href":"https:\/\/agromt.news\/index.php?rest_route=%2Fwp%2Fv2%2Fcomments&post=14775"}],"version-history":[{"count":0,"href":"https:\/\/agromt.news\/index.php?rest_route=\/wp\/v2\/posts\/14775\/revisions"}],"wp:featuredmedia":[{"embeddable":true,"href":"https:\/\/agromt.news\/index.php?rest_route=\/wp\/v2\/media\/2035"}],"wp:attachment":[{"href":"https:\/\/agromt.news\/index.php?rest_route=%2Fwp%2Fv2%2Fmedia&parent=14775"}],"wp:term":[{"taxonomy":"category","embeddable":true,"href":"https:\/\/agromt.news\/index.php?rest_route=%2Fwp%2Fv2%2Fcategories&post=14775"},{"taxonomy":"post_tag","embeddable":true,"href":"https:\/\/agromt.news\/index.php?rest_route=%2Fwp%2Fv2%2Ftags&post=14775"}],"curies":[{"name":"wp","href":"https:\/\/api.w.org\/{rel}","templated":true}]}}