{"id":14772,"date":"2025-06-07T12:08:05","date_gmt":"2025-06-07T16:08:05","guid":{"rendered":"https:\/\/agromt.news\/?p=14772"},"modified":"2025-06-07T12:08:05","modified_gmt":"2025-06-07T16:08:05","slug":"presidente-lula-promete-ligar-pessoalmente-para-convidar-trump-a-cop30","status":"publish","type":"post","link":"https:\/\/agromt.news\/?p=14772","title":{"rendered":"Presidente Lula promete ligar pessoalmente para convidar Trump \u00e0 COP30"},"content":{"rendered":"<p> <br \/>\n<br \/><img decoding=\"async\" src=\"https:\/\/agromt.news\/wp-content\/uploads\/2024\/11\/lula-parabeniza-trump.jpg\" \/><\/p>\n<div>\n<p>O presidente Luiz In\u00e1cio Lula da Silva informou, neste s\u00e1bado (7), que vai ligar pessoalmente para o presidente dos Estados Unidos, Donald Trump, para cham\u00e1-lo para a Confer\u00eancia das Na\u00e7\u00f5es Unidas para Mudan\u00e7as do Clima de 2025 <strong><a href=\"https:\/\/www.canalrural.com.br\/tag\/cop30\/\">(COP30)<\/a><\/strong>, em Bel\u00e9m (PA), caso ele n\u00e3o confirme a participa\u00e7\u00e3o no evento.<\/p>\n<p>\u201cVamos fazer um encontro separado de chefes de Estado de dois dias antes para aprofundar o debate. Se at\u00e9 perto [do evento] o Trump n\u00e3o confirmar que vem, eu, pessoalmente, vou ligar para ele e falar \u2018\u00f4, cara, Trump, a COP \u00e9 aqui no Brasil, vamos discutir esse neg\u00f3cio\u2019\u201d, destacou Lula em coletiva de imprensa, em Paris.<\/p>\n<p>O presidente brasileiro acrescentou que os Estados Unidos \u00e9 um pa\u00eds muito importante, muito rico, mas que poluiu muito. \u201cEnt\u00e3o, como \u00e9 que n\u00e3o vai participar?\u201d, questionou.<\/p>\n<p>O Brasil realiza em novembro deste ano a COP30, onde os pa\u00edses discutem medidas para limitar o aquecimento da Terra produzido, principalmente, pela queima de combust\u00edveis f\u00f3sseis. O aquecimento do planeta produz desastres clim\u00e1ticos e compromete a seguran\u00e7a dos povos em todo o mundo.<\/p>\n<\/div>\n<div>\n<h2 class=\"wp-block-heading\" id=\"h-trump-na-contramao\">Trump na contram\u00e3o<\/h2>\n<p>O presidente Donald Trump j\u00e1 anunciou a retirada dos EUA do Acordo de Paris, que visa conter o aquecimento a, no m\u00e1ximo, 1,5\u00baC acima dos n\u00edveis pr\u00e9-industriais. O mandat\u00e1rio estadunidense tamb\u00e9m tem afrouxado leis ambientais em seu pa\u00eds e promete expandir a explora\u00e7\u00e3o dos combust\u00edveis f\u00f3sseis, sem qualquer limite.<\/p>\n<p>O governo brasileiro espera que a COP30, sob a presid\u00eancia e lideran\u00e7a do Brasil, sirva para avan\u00e7ar no combate \u00e0s mudan\u00e7as clim\u00e1ticas, com os pa\u00edses mais desenvolvidos ajudando a financiar a transi\u00e7\u00e3o energ\u00e9tica e a mitiga\u00e7\u00e3o clim\u00e1tica dos pa\u00edses pobres.<\/p>\n<p>\u201cO mundo rico tem uma d\u00edvida t\u00e3o contenciosa com o meio ambiente porque se industrializou h\u00e1 mais de 200 anos. Se industrializaram \u00e0 custa da carboniza\u00e7\u00e3o do planeta e t\u00eam que pagar um pouco agora para descarbonizar\u201d, defendeu Lula ainda neste s\u00e1bado.<\/p>\n<p>O presidente realiza uma viagem \u00e0 Fran\u00e7a para estreitar as rela\u00e7\u00f5es comerciais e pol\u00edticas com o pa\u00eds europeu, tendo anunciando neste s\u00e1bado o plano de investimentos de empres\u00e1rios franceses de R$ 100 bilh\u00f5es no Brasil at\u00e9 2030.<\/p>\n<\/p><\/div>\n<p><br \/>\n<br \/><a href=\"https:\/\/www.canalrural.com.br\/politica\/presidente-lula-promete-ligar-pessoalmente-para-convidar-trump-a-cop30\/\">Source link <\/a><\/p>\n","protected":false},"excerpt":{"rendered":"<p>O presidente Luiz In\u00e1cio Lula da Silva informou, neste s\u00e1bado (7), que vai ligar pessoalmente para o presidente dos Estados<\/p>\n","protected":false},"author":1,"featured_media":4551,"comment_status":"open","ping_status":"open","sticky":false,"template":"","format":"standard","meta":{"_monsterinsights_skip_tracking":false,"_monsterinsights_sitenote_active":false,"_monsterinsights_sitenote_note":"","_monsterinsights_sitenote_category":0,"_uf_show_specific_survey":0,"_uf_disable_surveys":false,"footnotes":""},"categories":[1],"tags":[],"class_list":["post-14772","post","type-post","status-publish","format-standard","has-post-thumbnail","hentry","category-news"],"_links":{"self":[{"href":"https:\/\/agromt.news\/index.php?rest_route=\/wp\/v2\/posts\/14772"}],"collection":[{"href":"https:\/\/agromt.news\/index.php?rest_route=\/wp\/v2\/posts"}],"about":[{"href":"https:\/\/agromt.news\/index.php?rest_route=\/wp\/v2\/types\/post"}],"author":[{"embeddable":true,"href":"https:\/\/agromt.news\/index.php?rest_route=\/wp\/v2\/users\/1"}],"replies":[{"embeddable":true,"href":"https:\/\/agromt.news\/index.php?rest_route=%2Fwp%2Fv2%2Fcomments&post=14772"}],"version-history":[{"count":0,"href":"https:\/\/agromt.news\/index.php?rest_route=\/wp\/v2\/posts\/14772\/revisions"}],"wp:featuredmedia":[{"embeddable":true,"href":"https:\/\/agromt.news\/index.php?rest_route=\/wp\/v2\/media\/4551"}],"wp:attachment":[{"href":"https:\/\/agromt.news\/index.php?rest_route=%2Fwp%2Fv2%2Fmedia&parent=14772"}],"wp:term":[{"taxonomy":"category","embeddable":true,"href":"https:\/\/agromt.news\/index.php?rest_route=%2Fwp%2Fv2%2Fcategories&post=14772"},{"taxonomy":"post_tag","embeddable":true,"href":"https:\/\/agromt.news\/index.php?rest_route=%2Fwp%2Fv2%2Ftags&post=14772"}],"curies":[{"name":"wp","href":"https:\/\/api.w.org\/{rel}","templated":true}]}}