{"id":14771,"date":"2025-06-07T11:53:02","date_gmt":"2025-06-07T15:53:02","guid":{"rendered":"https:\/\/agromt.news\/?p=14771"},"modified":"2025-06-07T11:53:02","modified_gmt":"2025-06-07T15:53:02","slug":"limite-de-enquadramento-no-proagro-e-reduzido-para-r-200-mil","status":"publish","type":"post","link":"https:\/\/agromt.news\/?p=14771","title":{"rendered":"Limite de enquadramento no Proagro \u00e9 reduzido para R$ 200 mil"},"content":{"rendered":"<p> <br \/>\n<br \/><img decoding=\"async\" src=\"https:\/\/agromt.news\/wp-content\/uploads\/2024\/11\/dia-e-movimentado-mas-com-pouca-disponibilidade-do-grao.jpg\" \/><\/p>\n<div>\n<p>A partir do in\u00edcio do ano-safra 2025\/26, em 1\u00ba de julho, o Programa de Garantia da Atividade Agropecu\u00e1ria (Proagro) deixar\u00e1 de cobrir parte dos m\u00e9dios produtores. <\/p>\n<p>O limite de enquadramento no seguro rural, que cobre eventuais inadimpl\u00eancias dos produtores que contraem empr\u00e9stimos, cair\u00e1 para R$ 200 mil por ano agr\u00edcola.<\/p>\n<p>A decis\u00e3o foi tomada em reuni\u00e3o extraordin\u00e1ria do Conselho Monet\u00e1rio Nacional (CMN), \u00f3rg\u00e3o composto pelo ministro da Fazenda, Fernando Haddad; pela ministra do Planejamento e Or\u00e7amento, Simone Tebet; e pelo presidente do Banco Central, Gabriel Gal\u00edpolo.<\/p>\n<h2 class=\"wp-block-heading\" id=\"h-o-que-vai-mudar-no-proagro\">O que vai mudar no Proagro?<\/h2>\n<p>At\u00e9 agora, os bancos tinham de oferecer o seguro do Proagro para opera\u00e7\u00f5es de cr\u00e9dito de custeio agr\u00edcola de at\u00e9 R$ 270 mil. <\/p>\n<p>Em nota, o Banco Central informou que a redu\u00e7\u00e3o do limite permitir\u00e1 a concentra\u00e7\u00e3o do programa na agricultura familiar e a abertura de espa\u00e7o para ampliar o seguro rural a produtores recorrentemente afetados por eventos clim\u00e1ticos, sem impacto no or\u00e7amento do Proagro.<\/p>\n<\/div>\n<div>\n<p>O seguro das opera\u00e7\u00f5es de cr\u00e9dito rural acima de R$ 200 mil, que atendem principalmente aos m\u00e9dios produtores, poder\u00e1 ser atendido por seguradoras privadas, com subs\u00eddio do Programa de Subven\u00e7\u00e3o do Pr\u00eamio do Seguro Rural (PSR), que barateia os seguros.<\/p>\n<p>Essa foi a segunda redu\u00e7\u00e3o recente nos limites do Proagro. Em abril do ano passado, o CMN havia reduzido o limite de enquadramento de R$ 335 mil para R$ 270 mil por ano agr\u00edcola.<\/p>\n<h3 class=\"wp-block-heading\" id=\"h-ampliacao-das-indenizacoes\">Amplia\u00e7\u00e3o das indeniza\u00e7\u00f5es<\/h3>\n<p>Segundo o BC, a redu\u00e7\u00e3o do limite possibilita a amplia\u00e7\u00e3o das indeniza\u00e7\u00f5es e garante o atendimento a um n\u00famero maior de pequenos produtores rurais, principalmente os afetados por mudan\u00e7as clim\u00e1ticas.<\/p>\n<p>A regra que proibia o seguro rural a produtores com grande reincid\u00eancia de perdas foi tamb\u00e9m modificada. A concess\u00e3o do seguro considerar\u00e1 n\u00e3o apenas a recorr\u00eancia dos preju\u00edzos, mas a severidade das perdas e o volume de indeniza\u00e7\u00f5es concedido. <\/p>\n<p>Conforme o BC, a medida permitir\u00e1 o atendimento a produtores e im\u00f3veis rurais que deixariam de ter acesso ao Proagro, sem agravar o perfil de risco do seguro rural.<\/p>\n<p>Em rela\u00e7\u00e3o \u00e0 indeniza\u00e7\u00e3o, as faixas de risco do Zoneamento Agr\u00edcola de Risco Clim\u00e1tico (Zarc) ter\u00e3o menor impacto para definir do valor de indeniza\u00e7\u00e3o a partir de 1\u00ba de julho. Essas faixas s\u00e3o usadas para calcular o risco atuarial do Proagro, que mede a possibilidade de o programa n\u00e3o ser vi\u00e1vel no longo prazo. Segundo o BC, com a mudan\u00e7a, o valor da indeniza\u00e7\u00e3o por cobertura concedida sobe.<\/p>\n<\/p><\/div>\n<p><br \/>\n<br \/><a href=\"https:\/\/www.canalrural.com.br\/agricultura\/limite-de-enquadramento-no-proagro-e-reduzido-para-r-200-mil\/\">Source link <\/a><\/p>\n","protected":false},"excerpt":{"rendered":"<p>A partir do in\u00edcio do ano-safra 2025\/26, em 1\u00ba de julho, o Programa de Garantia da Atividade Agropecu\u00e1ria (Proagro) deixar\u00e1<\/p>\n","protected":false},"author":1,"featured_media":4708,"comment_status":"open","ping_status":"open","sticky":false,"template":"","format":"standard","meta":{"_monsterinsights_skip_tracking":false,"_monsterinsights_sitenote_active":false,"_monsterinsights_sitenote_note":"","_monsterinsights_sitenote_category":0,"_uf_show_specific_survey":0,"_uf_disable_surveys":false,"footnotes":""},"categories":[1],"tags":[],"class_list":["post-14771","post","type-post","status-publish","format-standard","has-post-thumbnail","hentry","category-news"],"_links":{"self":[{"href":"https:\/\/agromt.news\/index.php?rest_route=\/wp\/v2\/posts\/14771"}],"collection":[{"href":"https:\/\/agromt.news\/index.php?rest_route=\/wp\/v2\/posts"}],"about":[{"href":"https:\/\/agromt.news\/index.php?rest_route=\/wp\/v2\/types\/post"}],"author":[{"embeddable":true,"href":"https:\/\/agromt.news\/index.php?rest_route=\/wp\/v2\/users\/1"}],"replies":[{"embeddable":true,"href":"https:\/\/agromt.news\/index.php?rest_route=%2Fwp%2Fv2%2Fcomments&post=14771"}],"version-history":[{"count":0,"href":"https:\/\/agromt.news\/index.php?rest_route=\/wp\/v2\/posts\/14771\/revisions"}],"wp:featuredmedia":[{"embeddable":true,"href":"https:\/\/agromt.news\/index.php?rest_route=\/wp\/v2\/media\/4708"}],"wp:attachment":[{"href":"https:\/\/agromt.news\/index.php?rest_route=%2Fwp%2Fv2%2Fmedia&parent=14771"}],"wp:term":[{"taxonomy":"category","embeddable":true,"href":"https:\/\/agromt.news\/index.php?rest_route=%2Fwp%2Fv2%2Fcategories&post=14771"},{"taxonomy":"post_tag","embeddable":true,"href":"https:\/\/agromt.news\/index.php?rest_route=%2Fwp%2Fv2%2Ftags&post=14771"}],"curies":[{"name":"wp","href":"https:\/\/api.w.org\/{rel}","templated":true}]}}