{"id":1477,"date":"2024-09-12T14:39:16","date_gmt":"2024-09-12T18:39:16","guid":{"rendered":"https:\/\/agromt.news\/?p=1477"},"modified":"2024-09-12T14:39:16","modified_gmt":"2024-09-12T18:39:16","slug":"frente-fria-causa-chuva-no-sul-enquanto-sudeste-e-centro-oeste-enfrentam-calor-extremo","status":"publish","type":"post","link":"https:\/\/agromt.news\/?p=1477","title":{"rendered":"Frente fria causa chuva no Sul, enquanto Sudeste e Centro-Oeste enfrentam calor extremo"},"content":{"rendered":"<p> <br \/>\n<br \/><img decoding=\"async\" src=\"https:\/\/agromt.news\/wp-content\/uploads\/2024\/09\/Frente-fria-causa-chuva-no-Sul-enquanto-Sudeste-e-Centro-Oeste.jpg\" \/><\/p>\n<div>\n<p>Saiba como o clima ir\u00e1 se comportar nesta sexta-feira (13) em todo o Brasil:<\/p>\n<figure class=\"wp-block-embed is-type-video is-provider-youtube wp-block-embed-youtube wp-embed-aspect-16-9 wp-has-aspect-ratio\">\n<p>\n<iframe title=\"Chuva preta: fuligem da fuma\u00e7a junto da precipita\u00e7\u00e3o atinge v\u00e1rias cidades do RS\" width=\"800\" height=\"450\" src=\"https:\/\/www.youtube.com\/embed\/feD2LNXcyzI?feature=oembed\" frameborder=\"0\" allow=\"accelerometer; autoplay; clipboard-write; encrypted-media; gyroscope; picture-in-picture; web-share\" referrerpolicy=\"strict-origin-when-cross-origin\" allowfullscreen><\/iframe><noscript><iframe title=\"Chuva preta: fuligem da fuma\u00e7a junto da precipita\u00e7\u00e3o atinge v\u00e1rias cidades do RS\" width=\"800\" height=\"450\" src=\"https:\/\/www.youtube.com\/embed\/feD2LNXcyzI?feature=oembed\" frameborder=\"0\" allow=\"accelerometer; autoplay; clipboard-write; encrypted-media; gyroscope; picture-in-picture; web-share\" referrerpolicy=\"strict-origin-when-cross-origin\" allowfullscreen><\/iframe><\/noscript>\n<\/p>\n<\/figure>\n<p><em>Confira na palma da m\u00e3o informa\u00e7\u00f5es quentes sobre agricultura, pecu\u00e1ria, economia e previs\u00e3o do tempo:<\/em><a href=\"https:\/\/www.whatsapp.com\/channel\/0029Va9VnZxGk1FplZjiW43k\"><em> <\/em><strong>siga o Canal Rural no WhatsApp<\/strong><\/a>!<\/p>\n<h2 class=\"wp-block-heading\" id=\"h-sul\"><strong>Sul<\/strong><\/h2>\n<p>A frente fria continua avan\u00e7ando pela costa da regi\u00e3o sul, provocando chuvas na metade norte do Rio Grande do Sul, sul e centro-oeste de Santa Catarina, e no sul e oeste do Paran\u00e1. No norte do Paran\u00e1, o sol predomina, favorecendo a eleva\u00e7\u00e3o das temperaturas. No <strong><a href=\"https:\/\/www.canalrural.com.br\/tag\/rio-grande-do-sul\/\">Rio Grande do Sul<\/a><\/strong>, nas \u00e1reas de fronteira com o Uruguai, o tempo firme volta a predominar, com temperaturas mais baixas.<\/p>\n<\/div>\n<div>\n<h2 class=\"wp-block-heading\" id=\"h-sudeste\"><strong>Sudeste<\/strong><\/h2>\n<p>A sexta-feira ser\u00e1 de sol e temperaturas elevadas. O destaque continua sendo a baixa umidade do ar, que pode atingir n\u00edveis cr\u00edticos, especialmente no interior de S\u00e3o Paulo e Minas Gerais.<\/p>\n<h2 class=\"wp-block-heading\" id=\"h-centro-oeste\"><strong>Centro-Oeste<\/strong><\/h2>\n<p>Sem mudan\u00e7as significativas nas condi\u00e7\u00f5es do tempo para a regi\u00e3o. O dia ser\u00e1 marcado por sol, altas temperaturas e baixa umidade relativa do ar, favorecendo o aumento dos focos de queimadas.<\/p>\n<h2 class=\"wp-block-heading\" id=\"h-nordeste\"><strong>Nordeste<\/strong><\/h2>\n<p>A circula\u00e7\u00e3o de ventos do oceano em dire\u00e7\u00e3o \u00e0 costa mant\u00e9m a umidade elevada na costa leste do nordeste, com pancadas de chuva isoladas desde a Bahia at\u00e9 o Rio Grande do Norte. No interior, o sol predomina e a umidade relativa do ar permanece baixa.<\/p>\n<h2 class=\"wp-block-heading\" id=\"h-norte\"><strong>Norte<\/strong><\/h2>\n<p>A combina\u00e7\u00e3o de calor com alta umidade favorece pancadas de chuva no oeste, noroeste e norte do Amazonas, assim como em Roraima. Entre o Amap\u00e1 e o norte do Par\u00e1, chove de forma isolada, enquanto nas demais \u00e1reas da regi\u00e3o o sol predomina entre poucas nuvens ao longo do dia.<\/p>\n<\/div>\n<p><br \/>\n<br \/><a href=\"https:\/\/www.canalrural.com.br\/tempo\/frente-fria-causa-chuva-no-sul-enquanto-sudeste-e-centro-oeste-enfrentam-calor-extremo\/\">Source link <\/a><\/p>\n","protected":false},"excerpt":{"rendered":"<p>Saiba como o clima ir\u00e1 se comportar nesta sexta-feira (13) em todo o Brasil: Confira na palma da m\u00e3o informa\u00e7\u00f5es<\/p>\n","protected":false},"author":1,"featured_media":1478,"comment_status":"open","ping_status":"open","sticky":false,"template":"","format":"standard","meta":{"_monsterinsights_skip_tracking":false,"_monsterinsights_sitenote_active":false,"_monsterinsights_sitenote_note":"","_monsterinsights_sitenote_category":0,"_uf_show_specific_survey":0,"_uf_disable_surveys":false,"footnotes":""},"categories":[1],"tags":[],"class_list":["post-1477","post","type-post","status-publish","format-standard","has-post-thumbnail","hentry","category-news"],"_links":{"self":[{"href":"https:\/\/agromt.news\/index.php?rest_route=\/wp\/v2\/posts\/1477"}],"collection":[{"href":"https:\/\/agromt.news\/index.php?rest_route=\/wp\/v2\/posts"}],"about":[{"href":"https:\/\/agromt.news\/index.php?rest_route=\/wp\/v2\/types\/post"}],"author":[{"embeddable":true,"href":"https:\/\/agromt.news\/index.php?rest_route=\/wp\/v2\/users\/1"}],"replies":[{"embeddable":true,"href":"https:\/\/agromt.news\/index.php?rest_route=%2Fwp%2Fv2%2Fcomments&post=1477"}],"version-history":[{"count":0,"href":"https:\/\/agromt.news\/index.php?rest_route=\/wp\/v2\/posts\/1477\/revisions"}],"wp:featuredmedia":[{"embeddable":true,"href":"https:\/\/agromt.news\/index.php?rest_route=\/wp\/v2\/media\/1478"}],"wp:attachment":[{"href":"https:\/\/agromt.news\/index.php?rest_route=%2Fwp%2Fv2%2Fmedia&parent=1477"}],"wp:term":[{"taxonomy":"category","embeddable":true,"href":"https:\/\/agromt.news\/index.php?rest_route=%2Fwp%2Fv2%2Fcategories&post=1477"},{"taxonomy":"post_tag","embeddable":true,"href":"https:\/\/agromt.news\/index.php?rest_route=%2Fwp%2Fv2%2Ftags&post=1477"}],"curies":[{"name":"wp","href":"https:\/\/api.w.org\/{rel}","templated":true}]}}