{"id":14768,"date":"2025-06-07T11:36:01","date_gmt":"2025-06-07T15:36:01","guid":{"rendered":"https:\/\/agromt.news\/?p=14768"},"modified":"2025-06-07T11:36:01","modified_gmt":"2025-06-07T15:36:01","slug":"cafezais-de-rondonia-sequestram-23-vezes-mais-carbono-do-que-emitem","status":"publish","type":"post","link":"https:\/\/agromt.news\/?p=14768","title":{"rendered":"Cafezais de Rond\u00f4nia sequestram 2,3 vezes mais carbono do que emitem"},"content":{"rendered":"<p> <br \/>\n<\/p>\n<div>\n<p>Estudo in\u00e9dito realizado pela Embrapa Territorial na regi\u00e3o das Matas de Rond\u00f4nia revela que a cafeicultura familiar neste territ\u00f3rio da Amaz\u00f4nia sequestra, em m\u00e9dia, 2,3 vezes mais carbono por ano do que emite ao longo do processo agr\u00edcola.<\/p>\n<p>A pesquisa \u00e9 centrada nas planta\u00e7\u00f5es de caf\u00e9 robusta amaz\u00f4nico \u2013 uma variedade local do can\u00e9fora (<em>coffea canephora<\/em>).<\/p>\n<p>Em n\u00fameros, os dados demonstram que o balan\u00e7o anual de carbono da regi\u00e3o registra um saldo favor\u00e1vel de 3.883,3 kg, cerca de 4 toneladas por hectare. Dessa forma, a m\u00e9dia vem da diferen\u00e7a entre o carbono estocado na biomassa das plantas (6.874,8 kg) e a emiss\u00e3o de gases de efeito estufa (GEE) durante a fase de produ\u00e7\u00e3o do caf\u00e9 (2.991,5 kg).\u00a0<\/p>\n<p>De acordo com os pesquisadores envolvidos, esse tipo de balan\u00e7o \u00e9 in\u00e9dito e pode servir de refer\u00eancia para outros estudos do g\u00eanero e, at\u00e9 mesmo, para abertura de linhas de cr\u00e9ditos de carbono.<\/p>\n<p>Ainda mais, a iniciativa resultou tamb\u00e9m na cria\u00e7\u00e3o de uma planilha de c\u00e1lculos da emiss\u00e3o de carbono para uso dos agricultores locais. A inten\u00e7\u00e3o \u00e9 mostrar o status atual de emiss\u00e3o do cafeicultor do estado, considerando crit\u00e9rios como irriga\u00e7\u00e3o, uso de fertilizantes, entre outros.<\/p>\n<p>\u201cO estudo comprova a sustentabilidade da cafeicultura praticada no bioma Amaz\u00f4nia. Para n\u00f3s, \u00e9 important\u00edssimo mostrar ao mundo, por meio da ci\u00eancia, que a produ\u00e7\u00e3o de caf\u00e9 na Amaz\u00f4nia \u00e9 sustent\u00e1vel\u201d, comemora o presidente da Cafeicultores Associados da Regi\u00e3o das Matas de Rond\u00f4nia (Caferon), Juan Travian.<\/p>\n<h2 class=\"wp-block-heading\" id=\"h-monetizacao-do-carbono\">Monetiza\u00e7\u00e3o do carbono<\/h2>\n<p>O presidente do Conselho de Administra\u00e7\u00e3o do Sicoob Credip, Oberdan Pandolfi Ermita, ressalta que a monetiza\u00e7\u00e3o do carbono \u00e9 um mercado novo que vem estimulando uma corrida de metodologias para calcular esse balan\u00e7o. <\/p>\n<p>Nesse sentido, ele afirma que o estudo da Embrapa consegue capturar a especificidade do caf\u00e9 robusta amaz\u00f4nico, considerando as condi\u00e7\u00f5es fitoclim\u00e1ticas da regi\u00e3o.\u00a0<\/p>\n<p>\u201cS\u00e3o dados muito relevantes. Nosso objetivo \u00e9 que seja trabalhada a monetiza\u00e7\u00e3o desse carbono, de modo a beneficiar o cafeicultor das Matas de Rond\u00f4nia diretamente, ou por meio da redu\u00e7\u00e3o da taxa de juros\u201d, diz.<\/p>\n<h2 class=\"wp-block-heading\" id=\"h-sequestro-de-carbono-pelas-plantas\">Sequestro de carbono pelas plantas<\/h2>\n<figure class=\"wp-block-image size-large\"><img fetchpriority=\"high\" decoding=\"async\" width=\"1024\" height=\"683\" alt=\"Cultura de Caf\u00e9 Ar\u00e1bica\" class=\"wp-image-4086980\"  data-lazy- src=\"https:\/\/agromt.news\/wp-content\/uploads\/2025\/06\/Cafezais-de-Rondonia-sequestram-23-vezes-mais-carbono-do-que.jpg\"\/><img decoding=\"async\" width=\"1024\" height=\"683\" src=\"https:\/\/agromt.news\/wp-content\/uploads\/2025\/06\/Cafezais-de-Rondonia-sequestram-23-vezes-mais-carbono-do-que.jpg\" alt=\"Cultura de Caf\u00e9 Ar\u00e1bica\" class=\"wp-image-4086980\"  \/><figcaption class=\"wp-element-caption\">Foto: Gilberto Marques<\/figcaption><\/figure>\n<p>O pesquisador da Embrapa Territorial Carlos Cesar Ronquim, l\u00edder do estudo, acredita que o cafeeiro pode atuar como uma ferramenta de remo\u00e7\u00e3o de carbono. Por ser uma planta lenhosa, ela possui capacidade de armazenar grandes quantidades de carbono por mais tempo.\u00a0<\/p>\n<p>No entanto, ele ressalta que o carbono sequestrado temporariamente na biomassa da planta do caf\u00e9 retorna \u00e0 atmosfera quando se renova ou se desativa a lavoura. <\/p>\n<\/div>\n<div>\n<p>Sobre essas plantas o pesquisador observa que, se utilizadas como substitutas de combust\u00edveis f\u00f3sseis, podem contribuir efetivamente para um balan\u00e7o de carbono mais positivo na produ\u00e7\u00e3o.<\/p>\n<h2 class=\"wp-block-heading\" id=\"h-quantificacao-de-carbono-na-planta\">Quantifica\u00e7\u00e3o de carbono na planta<\/h2>\n<p>Os envolvidos no estudo coletaram os dados usados na pesquisa em campo. O estoque de carbono armazenado nas plantas foi gerado a partir das an\u00e1lises laboratoriais de amostras de cafeeiros adultos obtidas nas lavouras. <\/p>\n<p>Assim, levantaram os dados das emiss\u00f5es por meio da aplica\u00e7\u00e3o de question\u00e1rios e em reuni\u00f5es com produtores locais.<\/p>\n<p>Dessa forma, para quantificar o carbono estocado na planta, avaliaram-se 150 cafeeiros adultos em dez propriedades rurais de cinco munic\u00edpios da regi\u00e3o das Matas de Rond\u00f4nia. As an\u00e1lises mostraram que a maior parte do carbono est\u00e1 concentrada nas seguintes \u00e1reas da planta: <\/p>\n<ul class=\"wp-block-list\">\n<li>Tronco (36,4%);<\/li>\n<li>Ra\u00edzes (24,3%);<\/li>\n<li>Folhas (23,8%);<\/li>\n<li>Galhos (10,1%); e <\/li>\n<li>Frutos (5,4%)<\/li>\n<\/ul>\n<h2 class=\"wp-block-heading\" id=\"h-fertilizantes-organicos\">Fertilizantes org\u00e2nicos<\/h2>\n<p>O pesquisador Enrique Alves, da Embrapa Rond\u00f4nia (RO), ressalta, ainda, que muitos cafeicultores das Matas de Rond\u00f4nia substituem parcialmente o uso de fertilizantes qu\u00edmicos. No lugar utilizam fontes org\u00e2nicas \u2013 como cama de frango e palha de caf\u00e9. <\/p>\n<p>\u201cEssa pr\u00e1tica favorece o pleno desenvolvimento vegetal das plantas, o ac\u00famulo de carbono no solo ao longo do tempo, e a menor emiss\u00e3o de GEE, quando comparada aos fertilizantes nitrogenados sint\u00e9ticos\u201d, observa.<\/p>\n<p>\u201cAs plantas da variedade bot\u00e2nica robusta s\u00e3o de grande porte e com alta capacidade produtiva. Isso, aliado a boas pr\u00e1ticas agron\u00f4micas e novos arranjos espaciais mais adensados, fazem da cultura uma ferramenta de prote\u00e7\u00e3o do solo e sequestro de carbono\u201d, ressalta o pesquisador.<\/p>\n<p>O c\u00e1lculo da pesquisa ainda n\u00e3o considera o carbono estocado no solo, o que poder\u00e1 tornar o balan\u00e7o ainda mais favor\u00e1vel em an\u00e1lises futuras. O projeto j\u00e1 direciona esfor\u00e7os para essa finalidade, comparando \u00e1reas de caf\u00e9, pastagens e florestas nativas. Por fim, a expectativa \u00e9 que o cultivo bem manejado do caf\u00e9 robusta amaz\u00f4nico resulte em aumento l\u00edquido de carbono no sistema, principalmente em pastagens degradadas.<\/p>\n<p>\u201cAs coletas est\u00e3o em andamento, com v\u00e1rias incurs\u00f5es de campo j\u00e1 realizadas. Acreditamos que as atividades de campo ser\u00e3o conclu\u00eddas ainda neste semestre\u201d, adianta o pesquisador Ronquim.<\/p>\n<p>*<em>Sob supervis\u00e3o de Victor Faverin<\/em><\/p>\n<\/p><\/div>\n<p><br \/>\n<br \/><a href=\"https:\/\/www.canalrural.com.br\/agricultura\/cafezais-de-rondonia-sequestram-23-vezes-mais-carbono-do-que-emitem\/\">Source link <\/a><\/p>\n","protected":false},"excerpt":{"rendered":"<p>Estudo in\u00e9dito realizado pela Embrapa Territorial na regi\u00e3o das Matas de Rond\u00f4nia revela que a cafeicultura familiar neste territ\u00f3rio da<\/p>\n","protected":false},"author":1,"featured_media":14769,"comment_status":"open","ping_status":"open","sticky":false,"template":"","format":"standard","meta":{"_monsterinsights_skip_tracking":false,"_monsterinsights_sitenote_active":false,"_monsterinsights_sitenote_note":"","_monsterinsights_sitenote_category":0,"_uf_show_specific_survey":0,"_uf_disable_surveys":false,"footnotes":""},"categories":[1],"tags":[],"class_list":["post-14768","post","type-post","status-publish","format-standard","has-post-thumbnail","hentry","category-news"],"_links":{"self":[{"href":"https:\/\/agromt.news\/index.php?rest_route=\/wp\/v2\/posts\/14768"}],"collection":[{"href":"https:\/\/agromt.news\/index.php?rest_route=\/wp\/v2\/posts"}],"about":[{"href":"https:\/\/agromt.news\/index.php?rest_route=\/wp\/v2\/types\/post"}],"author":[{"embeddable":true,"href":"https:\/\/agromt.news\/index.php?rest_route=\/wp\/v2\/users\/1"}],"replies":[{"embeddable":true,"href":"https:\/\/agromt.news\/index.php?rest_route=%2Fwp%2Fv2%2Fcomments&post=14768"}],"version-history":[{"count":0,"href":"https:\/\/agromt.news\/index.php?rest_route=\/wp\/v2\/posts\/14768\/revisions"}],"wp:featuredmedia":[{"embeddable":true,"href":"https:\/\/agromt.news\/index.php?rest_route=\/wp\/v2\/media\/14769"}],"wp:attachment":[{"href":"https:\/\/agromt.news\/index.php?rest_route=%2Fwp%2Fv2%2Fmedia&parent=14768"}],"wp:term":[{"taxonomy":"category","embeddable":true,"href":"https:\/\/agromt.news\/index.php?rest_route=%2Fwp%2Fv2%2Fcategories&post=14768"},{"taxonomy":"post_tag","embeddable":true,"href":"https:\/\/agromt.news\/index.php?rest_route=%2Fwp%2Fv2%2Ftags&post=14768"}],"curies":[{"name":"wp","href":"https:\/\/api.w.org\/{rel}","templated":true}]}}