{"id":14767,"date":"2025-06-07T09:54:02","date_gmt":"2025-06-07T13:54:02","guid":{"rendered":"https:\/\/agromt.news\/?p=14767"},"modified":"2025-06-07T09:54:02","modified_gmt":"2025-06-07T13:54:02","slug":"excesso-de-umidade-impacta-plantio-da-aveia-branca","status":"publish","type":"post","link":"https:\/\/agromt.news\/?p=14767","title":{"rendered":"Excesso de umidade impacta plantio da aveia branca"},"content":{"rendered":"<p> <br \/>\n<\/p>\n<div>\n<div class=\"row\">\n<div class=\"col-lg col-infos mt-0 mt-lg-0\">\n<div class=\"section-sub-title\">\n<p itemprop=\"description\">&#13;<br \/>\n                                Clima desafia, mas aveia mostra bom desenvolvimento&#13;\n                            <\/p>\n<\/p><\/div>\n<div class=\"container\">\n<div class=\"row\">\n<div class=\"col-lg p-0\">\n<div>\n<div class=\"block-news-main-infos mt-3 text-start\">\n<p>                                            <strong class=\"fn\" itemprop=\"author\" style=\"color: rgb(112, 112, 112); \">&#13;<br \/>\n                                                <a href=\"https:\/\/www.agrolink.com.br\/noticias\/javascript:;\" class=\"text-uppercase\" target=\"_blank\" style=\"color: rgb(112, 112, 112); \" rel=\"noopener\">Agrolink<\/a>&#13;<br \/>\n&#13;<br \/>\n                                                    &#8211; Seane Lennon&#13;<br \/>\n&#13;<br \/>\n                                            <\/strong><br \/>\n                                        <\/p>\n<p>                                            <abbr><time datetime=\"2025-06-06T18:47\" itemprop=\"datePublished dateModified\">Publicado em 06\/06\/2025 \u00e0s 18:47h.<\/time><\/abbr><br \/>\n                                            <\/p><\/div>\n<\/p><\/div>\n<\/p><\/div>\n<div class=\"col-lg p-0 text-lg-end\">\n<div>\n<div id=\"mdEnviarPagina\" class=\"modal fade\" role=\"dialog\">\n<div class=\"modal-dialog\">\n<div class=\"modal-content\">\n<div class=\"modal-body\">\n<p><strong>Estimado usu\u00e1rio.<\/strong><br \/>Preencha o formul\u00e1rio abaixo para remeter a p\u00e1gina.<\/p>\n<\/p><\/div>\n<\/p><\/div>\n<\/p><\/div>\n<\/div><\/div>\n<\/p><\/div>\n<\/p><\/div>\n<\/p><\/div>\n<\/p><\/div>\n<\/p><\/div>\n<div class=\"row justify-content-md-center mt-3\">\n<div class=\"col-lg-auto col-image block-news-main-image\">\n<p>                                <img decoding=\"async\" src=\"https:\/\/www.agrolink.com.br\/upload\/imagens-resizes\/76d4144a5ac145a682985d2f61452979_858x483.jpg\" class=\"lazyload img-fluid\"\/><br \/>\n                                                <span class=\"publicity-photo d-block mt-1\">Foto: Canva<\/span><\/p><\/div>\n<\/p><\/div>\n<div class=\"section-description section-description-noticias mt-3\">\n<p style=\"text-align:justify\">As lavouras de <a href=\"https:\/\/www.agrolink.com.br\/culturas\/aveia?utm_source=agrolink-detalhe-noticia&amp;utm_medium=detalhe-noticia&amp;utm_campaign=links-internos\" target=\"_blank\" rel=\"noopener\">aveia<\/a> branca no Rio Grande do Sul enfrentam dificuldades para a semeadura devido \u00e0s condi\u00e7\u00f5es de umidade excessiva em algumas regi\u00f5es do estado. A informa\u00e7\u00e3o consta no Informativo Conjuntural divulgado nesta quinta-feira (6) pela Emater\/RS-Ascar.&#13;\n<\/p>\n<p style=\"text-align:justify\">Segundo o boletim, apesar dos entraves no plantio, o desenvolvimento vegetativo das lavouras implantadas \u00e9 considerado satisfat\u00f3rio. A uniformidade do estande \u00e9 boa e n\u00e3o h\u00e1 registro de problemas fitossanit\u00e1rios relevantes. A assist\u00eancia t\u00e9cnica destaca que os produtores est\u00e3o avan\u00e7ando nos tratos culturais, com foco na aplica\u00e7\u00e3o de aduba\u00e7\u00e3o nitrogenada em cobertura e no controle de plantas daninhas, especialmente nas lavouras mais adiantadas.<\/p>\n<p style=\"text-align:justify\">De acordo com a Emater\/RS-Ascar, \u201capesar dos desafios pontuais relacionados \u00e0s condi\u00e7\u00f5es clim\u00e1ticas, a cultura mant\u00e9m potencial produtivo adequado\u201d. A entidade observa que a aveia branca segue sendo uma alternativa vi\u00e1vel para cultivo de inverno, com utiliza\u00e7\u00e3o voltada \u00e0 alimenta\u00e7\u00e3o humana e animal, al\u00e9m da produ\u00e7\u00e3o de sementes.&#13;\n<\/p>\n<p style=\"text-align:justify\">Na regi\u00e3o administrativa de Erechim, a cultura ainda est\u00e1 em fase de implanta\u00e7\u00e3o, com expectativa de amplia\u00e7\u00e3o de 20% da \u00e1rea cultivada em compara\u00e7\u00e3o ao ano anterior. Em Frederico Westphalen, cerca de 40% da \u00e1rea estimada para a safra 2025\/2026 j\u00e1 se encontra em desenvolvimento vegetativo. \u201cA redu\u00e7\u00e3o da temperatura no per\u00edodo foi favor\u00e1vel \u00e0 cultura, e os produtores iniciaram as aplica\u00e7\u00f5es de fungicidas e a distribui\u00e7\u00e3o da aduba\u00e7\u00e3o nitrogenada de cobertura\u201d, informa a Emater\/RS-Ascar.<\/p>\n<p style=\"text-align:justify\">Em Iju\u00ed, a umidade do solo segue limitando o avan\u00e7o da semeadura. Alguns produtores optaram por plantar mesmo com o solo encharcado. As lavouras semeadas em maio apresentam boa emerg\u00eancia, com plantas de tamanho homog\u00eaneo e desenvolvimento satisfat\u00f3rio. As atividades est\u00e3o concentradas no controle de ervas daninhas e na aplica\u00e7\u00e3o de nitrog\u00eanio em cobertura para as lavouras em est\u00e1gio de cinco folhas. \u201cN\u00e3o foram observados sinais de incid\u00eancia de doen\u00e7as nos cultivos estabelecidos\u201d, destaca o informativo.&#13;\n<\/p>\n<p style=\"text-align:justify\">Na regi\u00e3o de Santa Rosa, os agricultores organizam a aplica\u00e7\u00e3o de fertilizantes nitrogenados nas lavouras j\u00e1 implantadas. No munic\u00edpio de Garruchos, a semeadura avan\u00e7ou antes das chuvas, mas o excesso de precipita\u00e7\u00e3o provocou eros\u00e3o em \u00e1reas mais inclinadas. J\u00e1 em Soledade, a \u00e1rea semeada alcan\u00e7ou aproximadamente 7.500 hectares, o que corresponde a 20% do total estimado para a regi\u00e3o.<br \/>&#13;<br \/>\n\u00a0<\/p>\n<\/p><\/div>\n<\/p><\/div>\n<p><script data-cfasync=\"false\">\n    !function (f, b, e, v, n, t, s) {\n        if (f.fbq) return; n = f.fbq = function () {\n            n.callMethod ?\n                n.callMethod.apply(n, arguments) : n.queue.push(arguments)\n        };\n        if (!f._fbq) f._fbq = n; n.push = n; n.loaded = !0; n.version = '2.0';\n        n.queue = []; t = b.createElement(e); t.async = !0;\n        t.src = v; s = b.getElementsByTagName(e)[0];\n        s.parentNode.insertBefore(t, s)\n    }(window, document, 'script',\n        'https:\/\/connect.facebook.net\/en_US\/fbevents.js');\n    fbq('init', '522546078623747');\n    fbq('track', 'PageView');\n<\/script><br \/>\n<br \/><br \/>\n<br \/><a href=\"https:\/\/www.agrolink.com.br\/noticias\/excesso-de-umidade-impacta-plantio-da-aveia-branca_502702.html\">Source link <\/a><\/p>\n","protected":false},"excerpt":{"rendered":"<p>&#13; Clima desafia, mas aveia mostra bom desenvolvimento&#13; &#13; Agrolink&#13; &#13; &#8211; Seane Lennon&#13; &#13; Publicado em 06\/06\/2025 \u00e0s 18:47h.<\/p>\n","protected":false},"author":1,"featured_media":4923,"comment_status":"open","ping_status":"open","sticky":false,"template":"","format":"standard","meta":{"_monsterinsights_skip_tracking":false,"_monsterinsights_sitenote_active":false,"_monsterinsights_sitenote_note":"","_monsterinsights_sitenote_category":0,"_uf_show_specific_survey":0,"_uf_disable_surveys":false,"footnotes":""},"categories":[8,1,14],"tags":[],"class_list":["post-14767","post","type-post","status-publish","format-standard","has-post-thumbnail","hentry","category-agro","category-news","category-politica-agro"],"_links":{"self":[{"href":"https:\/\/agromt.news\/index.php?rest_route=\/wp\/v2\/posts\/14767"}],"collection":[{"href":"https:\/\/agromt.news\/index.php?rest_route=\/wp\/v2\/posts"}],"about":[{"href":"https:\/\/agromt.news\/index.php?rest_route=\/wp\/v2\/types\/post"}],"author":[{"embeddable":true,"href":"https:\/\/agromt.news\/index.php?rest_route=\/wp\/v2\/users\/1"}],"replies":[{"embeddable":true,"href":"https:\/\/agromt.news\/index.php?rest_route=%2Fwp%2Fv2%2Fcomments&post=14767"}],"version-history":[{"count":0,"href":"https:\/\/agromt.news\/index.php?rest_route=\/wp\/v2\/posts\/14767\/revisions"}],"wp:featuredmedia":[{"embeddable":true,"href":"https:\/\/agromt.news\/index.php?rest_route=\/wp\/v2\/media\/4923"}],"wp:attachment":[{"href":"https:\/\/agromt.news\/index.php?rest_route=%2Fwp%2Fv2%2Fmedia&parent=14767"}],"wp:term":[{"taxonomy":"category","embeddable":true,"href":"https:\/\/agromt.news\/index.php?rest_route=%2Fwp%2Fv2%2Fcategories&post=14767"},{"taxonomy":"post_tag","embeddable":true,"href":"https:\/\/agromt.news\/index.php?rest_route=%2Fwp%2Fv2%2Ftags&post=14767"}],"curies":[{"name":"wp","href":"https:\/\/api.w.org\/{rel}","templated":true}]}}