{"id":14764,"date":"2025-06-07T07:57:33","date_gmt":"2025-06-07T11:57:33","guid":{"rendered":"https:\/\/agromt.news\/?p=14764"},"modified":"2025-06-07T07:57:33","modified_gmt":"2025-06-07T11:57:33","slug":"maio-teve-chuvas-irregulares-e-onda-de-frio-no-pais","status":"publish","type":"post","link":"https:\/\/agromt.news\/?p=14764","title":{"rendered":"Maio teve chuvas irregulares e onda de frio no pa\u00eds"},"content":{"rendered":"<p> <br \/>\n<\/p>\n<div>\n<p style=\"text-align:justify\">O m\u00eas de maio de 2025 foi marcado por irregularidade nas precipita\u00e7\u00f5es e temperaturas extremas em diversas regi\u00f5es do Brasil. \u00c9 o que revela a nota t\u00e9cnica \u201cEventos Extremos\u201d, divulgada nesta sexta-feira (6) pelo Instituto Nacional de Meteorologia (Inmet), com an\u00e1lise dos principais fen\u00f4menos meteorol\u00f3gicos registrados no pa\u00eds ao longo do m\u00eas.&#13;\n<\/p>\n<p style=\"text-align:justify\">De acordo com o Inmet, nas regi\u00f5es Norte e Nordeste, as chuvas ocorreram dentro da m\u00e9dia, embora com picos elevados no litoral nordestino e na por\u00e7\u00e3o noroeste do Amazonas e de Roraima. \u201cOs maiores acumulados foram registrados na por\u00e7\u00e3o noroeste da regi\u00e3o, nos estados do Amazonas e Roraima com totais superiores a 300 mm, ultrapassando 500 mm na regi\u00e3o noroeste do estado de Roraima\u201d, informa o instituto. Cidades como Macei\u00f3 e Salvador tiveram chuvas at\u00e9 75% acima da m\u00e9dia hist\u00f3rica.<\/p>\n<p style=\"text-align:justify\">No interior do Nordeste e em quase todo o estado do Tocantins, as precipita\u00e7\u00f5es ficaram abaixo do esperado. As regi\u00f5es Centro-Oeste e Sudeste tamb\u00e9m apresentaram anomalias negativas. Bras\u00edlia e Belo Horizonte registraram volumes de chuva 93% e 100% abaixo da m\u00e9dia climatol\u00f3gica para o per\u00edodo, respectivamente.<\/p>\n<p style=\"text-align:justify\">No Centro-Oeste, os estados de Mato Grosso e Mato Grosso do Sul apresentaram volumes dentro da m\u00e9dia, mas em Goi\u00e1s e no Distrito Federal, houve queda acentuada nas precipita\u00e7\u00f5es. Situa\u00e7\u00e3o semelhante foi observada em partes de S\u00e3o Paulo e Minas Gerais.&#13;\n<\/p>\n<p style=\"text-align:justify\">Na Regi\u00e3o Sul, o Rio Grande do Sul concentrou os maiores volumes, com registros acima de 150 mm em diversas localidades. J\u00e1 em Santa Catarina e no Paran\u00e1, os acumulados ficaram abaixo dos 120 mm.<\/p>\n<p style=\"text-align:justify\">As temperaturas tamb\u00e9m chamaram aten\u00e7\u00e3o. O m\u00eas foi de calor nas regi\u00f5es Norte e Nordeste, mas os registros n\u00e3o superaram os recordes anteriores. \u201cA exce\u00e7\u00e3o foi a cidade de Manaus (AM), que apresentou um leve desvio em rela\u00e7\u00e3o ao \u00faltimo recorde\u201d, aponta o Inmet.<\/p>\n<p style=\"text-align:justify\">J\u00e1 entre os dias 29 e 30 de maio, uma intensa massa de ar frio provocou queda acentuada das temperaturas m\u00ednimas nas regi\u00f5es Sul, Sudeste e Centro-Oeste. \u201cNo dia 30\/05\/2025, foram observados valores de temperatura m\u00ednima abaixo de 1\u00b0C em Rio Grande do Sul, S\u00e3o Paulo, Minas Gerais e Mato Grosso do Sul\u201d, destaca a nota t\u00e9cnica.<\/p>\n<p style=\"text-align:justify\">Geadas fracas foram registradas em munic\u00edpios como S\u00e3o Jos\u00e9 dos Ausentes (0,0\u00b0C), Bom Jesus (0,4\u00b0C), Cambar\u00e1 do Sul (0,9\u00b0C) e Cuarai (0,9\u00b0C), no Rio Grande do Sul. Tamb\u00e9m houve ocorr\u00eancia de geadas no Paran\u00e1, como em Londrina (5,6\u00b0C) e Maring\u00e1 (4,5\u00b0C), embora as m\u00ednimas n\u00e3o tenham ficado abaixo de 1\u00b0C. Em regi\u00f5es serranas do Sul, houve epis\u00f3dios isolados de neve.&#13;\n<\/p>\n<p style=\"text-align:justify\">O Inmet tamb\u00e9m informou que a massa de ar frio teve forte influ\u00eancia na Regi\u00e3o Sudeste. Em Rancharia (SP), a m\u00ednima foi de 0,7\u00b0C e, em Monte Verde (MG), os term\u00f4metros chegaram a 0,4\u00b0C. No Centro-Oeste, Rio Brilhante (MS) teve m\u00ednima de 0,7\u00b0C. O mapa de anomalia de temperatura m\u00ednima no dia 30 indicou que os efeitos da onda de frio foram mais intensos na Regi\u00e3o Sul, mas tamb\u00e9m se estenderam pelas demais regi\u00f5es afetadas.<\/p>\n<\/p><\/div>\n<p><script data-cfasync=\"false\">\n    !function (f, b, e, v, n, t, s) {\n        if (f.fbq) return; n = f.fbq = function () {\n            n.callMethod ?\n                n.callMethod.apply(n, arguments) : n.queue.push(arguments)\n        };\n        if (!f._fbq) f._fbq = n; n.push = n; n.loaded = !0; n.version = '2.0';\n        n.queue = []; t = b.createElement(e); t.async = !0;\n        t.src = v; s = b.getElementsByTagName(e)[0];\n        s.parentNode.insertBefore(t, s)\n    }(window, document, 'script',\n        'https:\/\/connect.facebook.net\/en_US\/fbevents.js');\n    fbq('init', '522546078623747');\n    fbq('track', 'PageView');\n<\/script><br \/>\n<br \/><br \/>\n<br \/><a href=\"https:\/\/www.agrolink.com.br\/noticias\/maio-teve-chuvas-irregulares-e-onda-de-frio-no-pais_502703.html\">Source link <\/a><\/p>\n","protected":false},"excerpt":{"rendered":"<p>O m\u00eas de maio de 2025 foi marcado por irregularidade nas precipita\u00e7\u00f5es e temperaturas extremas em diversas regi\u00f5es do Brasil.<\/p>\n","protected":false},"author":1,"featured_media":2701,"comment_status":"open","ping_status":"open","sticky":false,"template":"","format":"standard","meta":{"_monsterinsights_skip_tracking":false,"_monsterinsights_sitenote_active":false,"_monsterinsights_sitenote_note":"","_monsterinsights_sitenote_category":0,"_uf_show_specific_survey":0,"_uf_disable_surveys":false,"footnotes":""},"categories":[8,1,14],"tags":[],"class_list":["post-14764","post","type-post","status-publish","format-standard","has-post-thumbnail","hentry","category-agro","category-news","category-politica-agro"],"_links":{"self":[{"href":"https:\/\/agromt.news\/index.php?rest_route=\/wp\/v2\/posts\/14764"}],"collection":[{"href":"https:\/\/agromt.news\/index.php?rest_route=\/wp\/v2\/posts"}],"about":[{"href":"https:\/\/agromt.news\/index.php?rest_route=\/wp\/v2\/types\/post"}],"author":[{"embeddable":true,"href":"https:\/\/agromt.news\/index.php?rest_route=\/wp\/v2\/users\/1"}],"replies":[{"embeddable":true,"href":"https:\/\/agromt.news\/index.php?rest_route=%2Fwp%2Fv2%2Fcomments&post=14764"}],"version-history":[{"count":0,"href":"https:\/\/agromt.news\/index.php?rest_route=\/wp\/v2\/posts\/14764\/revisions"}],"wp:featuredmedia":[{"embeddable":true,"href":"https:\/\/agromt.news\/index.php?rest_route=\/wp\/v2\/media\/2701"}],"wp:attachment":[{"href":"https:\/\/agromt.news\/index.php?rest_route=%2Fwp%2Fv2%2Fmedia&parent=14764"}],"wp:term":[{"taxonomy":"category","embeddable":true,"href":"https:\/\/agromt.news\/index.php?rest_route=%2Fwp%2Fv2%2Fcategories&post=14764"},{"taxonomy":"post_tag","embeddable":true,"href":"https:\/\/agromt.news\/index.php?rest_route=%2Fwp%2Fv2%2Ftags&post=14764"}],"curies":[{"name":"wp","href":"https:\/\/api.w.org\/{rel}","templated":true}]}}