{"id":14762,"date":"2025-06-07T06:32:05","date_gmt":"2025-06-07T10:32:05","guid":{"rendered":"https:\/\/agromt.news\/?p=14762"},"modified":"2025-06-07T06:32:05","modified_gmt":"2025-06-07T10:32:05","slug":"nova-massa-de-ar-polar-deve-trazer-muito-frio-para-areas-de-12-estados","status":"publish","type":"post","link":"https:\/\/agromt.news\/?p=14762","title":{"rendered":"Nova massa de ar polar deve trazer muito frio para \u00e1reas de 12 estados"},"content":{"rendered":"<p> <br \/>\n<\/p>\n<div>\n<p>O frio voltar\u00e1 a ganhar for\u00e7a no Brasil com uma nova massa de ar polar entre os dias 8 e 14 de junho. No entanto, antes disso, pancadas de chuva devem atingir o Centro-Sul do pa\u00eds.<\/p>\n<div data-icp-cta=\"1\" id=\"icp-cta-unique\">Voc\u00ea quer entender como usar o clima a seu favor?<b> <\/b><a href=\"https:\/\/climacampo.canalrural.com.br\/climacampo_-01\">Preparamos um e-book exclusivo<\/a> para ajudar produtores rurais a se antecipar \u00e0s mudan\u00e7as do tempo e planejar melhor suas a\u00e7\u00f5es. Com base em previs\u00f5es meteorol\u00f3gicas confi\u00e1veis, ele oferece orienta\u00e7\u00f5es pr\u00e1ticas para proteger sua lavoura e otimizar seus resultados.<\/div>\n<p>De acordo com a Climatempo, os acumulados de chuva devem ficar entre 60 e 80 mm em \u00e1reas de Mato Grosso, do <strong><a href=\"https:\/\/www.canalrural.com.br\/nacional\/parana\/\">Paran\u00e1<\/a><\/strong> e sul de S\u00e3o Paulo. Outras \u00e1reas do Sudeste e do Centro-Oeste tamb\u00e9m podem registrar pancadas de chuva, com volumes menores, mas que podem ultrapassar os 30 mm.<\/p>\n<p>Isso acontece por conta da atua\u00e7\u00e3o de uma \u00e1rea de baixa press\u00e3o sobre o Paraguai, somada ao forte fluxo de umidade vindo da faixa Norte do pa\u00eds, al\u00e9m da forma\u00e7\u00e3o de uma nova baixa press\u00e3o no litoral entre o Sudeste e o Sul no domingo.<\/p>\n<figure class=\"wp-block-image size-large\"><img fetchpriority=\"high\" decoding=\"async\" width=\"1024\" height=\"1024\" src=\"https:\/\/agromt.news\/wp-content\/uploads\/2025\/06\/Nova-massa-de-ar-polar-deve-trazer-muito-frio-para.jpeg\" alt=\"mapa de massa de ar polar - frio temperaturas baixas\" class=\"wp-image-4104168\"  \/><figcaption class=\"wp-element-caption\">Foto: Climatempo<\/figcaption><\/figure>\n<p>A partir do domingo (8), uma nova massa de ar polar come\u00e7a a avan\u00e7ar com mais intensidade sobre o Brasil, derrubando as temperaturas em boa parte do pa\u00eds. Assim, deve provocar uma sensa\u00e7\u00e3o generalizada de frio no Centro-Sul.<\/p>\n<\/div>\n<div>\n<p>O resfriamento ser\u00e1 mais acentuado nas \u00e1reas em azul escuro, como indicado no mapa acima, com term\u00f4metros 5\u00b0C ou mais abaixo da m\u00e9dia hist\u00f3rica de junho (que j\u00e1 \u00e9 naturalmente baixa). <\/p>\n<p>Tal condi\u00e7\u00e3o engloba o Rio Grande do Sul, Mato Grosso do Sul, norte do Paran\u00e1, S\u00e3o Paulo, sul de Minas Gerais e Rio de Janeiro. Contudo, o frio tamb\u00e9m atinge \u00e1reas mais amplas (azul claro no mapa), com m\u00ednimas entre 3\u00b0C e 5\u00b0C abaixo da m\u00e9dia. <\/p>\n<p>\u201cEssa queda ser\u00e1 mais percept\u00edvel nas madrugadas e nas primeiras horas da manh\u00e3 entre os dias 8 e 14 de junho\u201d, diz a Climatempo, em nota.<\/p>\n<\/p><\/div>\n<p><br \/>\n<br \/><a href=\"https:\/\/www.canalrural.com.br\/tempo\/nova-massa-de-ar-polar-deve-trazer-muito-frio-para-areas-de-12-estados\/\">Source link <\/a><\/p>\n","protected":false},"excerpt":{"rendered":"<p>O frio voltar\u00e1 a ganhar for\u00e7a no Brasil com uma nova massa de ar polar entre os dias 8 e<\/p>\n","protected":false},"author":1,"featured_media":14763,"comment_status":"open","ping_status":"open","sticky":false,"template":"","format":"standard","meta":{"_monsterinsights_skip_tracking":false,"_monsterinsights_sitenote_active":false,"_monsterinsights_sitenote_note":"","_monsterinsights_sitenote_category":0,"_uf_show_specific_survey":0,"_uf_disable_surveys":false,"footnotes":""},"categories":[1],"tags":[],"class_list":["post-14762","post","type-post","status-publish","format-standard","has-post-thumbnail","hentry","category-news"],"_links":{"self":[{"href":"https:\/\/agromt.news\/index.php?rest_route=\/wp\/v2\/posts\/14762"}],"collection":[{"href":"https:\/\/agromt.news\/index.php?rest_route=\/wp\/v2\/posts"}],"about":[{"href":"https:\/\/agromt.news\/index.php?rest_route=\/wp\/v2\/types\/post"}],"author":[{"embeddable":true,"href":"https:\/\/agromt.news\/index.php?rest_route=\/wp\/v2\/users\/1"}],"replies":[{"embeddable":true,"href":"https:\/\/agromt.news\/index.php?rest_route=%2Fwp%2Fv2%2Fcomments&post=14762"}],"version-history":[{"count":0,"href":"https:\/\/agromt.news\/index.php?rest_route=\/wp\/v2\/posts\/14762\/revisions"}],"wp:featuredmedia":[{"embeddable":true,"href":"https:\/\/agromt.news\/index.php?rest_route=\/wp\/v2\/media\/14763"}],"wp:attachment":[{"href":"https:\/\/agromt.news\/index.php?rest_route=%2Fwp%2Fv2%2Fmedia&parent=14762"}],"wp:term":[{"taxonomy":"category","embeddable":true,"href":"https:\/\/agromt.news\/index.php?rest_route=%2Fwp%2Fv2%2Fcategories&post=14762"},{"taxonomy":"post_tag","embeddable":true,"href":"https:\/\/agromt.news\/index.php?rest_route=%2Fwp%2Fv2%2Ftags&post=14762"}],"curies":[{"name":"wp","href":"https:\/\/api.w.org\/{rel}","templated":true}]}}