{"id":14761,"date":"2025-06-07T04:05:28","date_gmt":"2025-06-07T08:05:28","guid":{"rendered":"https:\/\/agromt.news\/?p=14761"},"modified":"2025-06-07T04:05:28","modified_gmt":"2025-06-07T08:05:28","slug":"avanco-da-safrinha-e-pressiona-mercado-de-milho","status":"publish","type":"post","link":"https:\/\/agromt.news\/?p=14761","title":{"rendered":"Avan\u00e7o da safrinha e pressiona mercado de milho"},"content":{"rendered":"<p> <br \/>\n<\/p>\n<div>\n<div class=\"row\">\n<div class=\"col-lg col-infos mt-0 mt-lg-0\">\n<div class=\"section-sub-title\">\n<p itemprop=\"description\">&#13;<br \/>\n                                No Mato Grosso, as chuvas de maio foram decisivas&#13;\n                            <\/p>\n<\/p><\/div>\n<div class=\"container\">\n<div class=\"row\">\n<div class=\"col-lg p-0\">\n<div>\n<div class=\"block-news-main-infos mt-3 text-start\">\n<p>                                            <strong class=\"fn\" itemprop=\"author\" style=\"color: rgb(112, 112, 112); \">&#13;<br \/>\n                                                <a href=\"https:\/\/www.agrolink.com.br\/noticias\/javascript:;\" class=\"text-uppercase\" target=\"_blank\" style=\"color: rgb(112, 112, 112); \" rel=\"noopener\">Agrolink<\/a>&#13;<br \/>\n&#13;<br \/>\n                                                    &#8211; Leonardo Gottems&#13;<br \/>\n&#13;<br \/>\n                                            <\/strong><br \/>\n                                        <\/p>\n<p>                                            <abbr><time datetime=\"2025-06-06T07:00\" itemprop=\"datePublished dateModified\">Publicado em 06\/06\/2025 \u00e0s 07:00h.<\/time><\/abbr><br \/>\n                                            <\/p><\/div>\n<\/p><\/div>\n<\/p><\/div>\n<div class=\"col-lg p-0 text-lg-end\">\n<div>\n<div id=\"mdEnviarPagina\" class=\"modal fade\" role=\"dialog\">\n<div class=\"modal-dialog\">\n<div class=\"modal-content\">\n<div class=\"modal-body\">\n<p><strong>Estimado usu\u00e1rio.<\/strong><br \/>Preencha o formul\u00e1rio abaixo para remeter a p\u00e1gina.<\/p>\n<\/p><\/div>\n<\/p><\/div>\n<\/p><\/div>\n<\/div><\/div>\n<\/p><\/div>\n<\/p><\/div>\n<\/p><\/div>\n<\/p><\/div>\n<\/p><\/div>\n<div class=\"row justify-content-md-center mt-3\">\n<div class=\"col-lg-auto col-image block-news-main-image\">\n<p>                                <img decoding=\"async\" src=\"https:\/\/www.agrolink.com.br\/upload\/imagens-resizes\/82212e57a37947a4b3ad8141594e6bb3_858x483.jpg\" class=\"lazyload img-fluid\" alt=\"No Mato Grosso, as chuvas de maio foram decisivas\"\/><br \/>\n                                                <span class=\"d-block mt-1\">No Mato Grosso, as chuvas de maio foram decisivas &#8211; Foto: USDA<\/span><\/p><\/div>\n<\/p><\/div>\n<div class=\"section-description section-description-noticias mt-3\">\n<p>A AgResource Brasil revisou nesta ter\u00e7a-feira (03\/06) suas proje\u00e7\u00f5es para as safras 2024\/25, destacando um avan\u00e7o expressivo na produtividade do <a href=\"https:\/\/www.agrolink.com.br\/culturas\/milho?utm_source=agrolink-detalhe-noticia&amp;utm_medium=detalhe-noticia&amp;utm_campaign=links-internos&#9;\" target=\"_blank\" rel=\"noopener\">milho<\/a> safrinha. Segundo o relat\u00f3rio de junho, a produ\u00e7\u00e3o total de <a href=\"https:\/\/www.agrolink.com.br\/culturas\/milho?utm_source=agrolink-detalhe-noticia&amp;utm_medium=detalhe-noticia&amp;utm_campaign=links-internos&#9;\" target=\"_blank\" rel=\"noopener\">milho<\/a> no Brasil deve atingir 134,55 milh\u00f5es de toneladas, um aumento de 8,35 milh\u00f5es (+6,62%) em rela\u00e7\u00e3o \u00e0 estimativa anterior. O principal destaque \u00e9 a 2\u00aa safra, que subiu de 99,27 para 105,55 milh\u00f5es de toneladas, impulsionada pelas boas condi\u00e7\u00f5es clim\u00e1ticas em Mato Grosso e Paran\u00e1.&#13;\n<\/p>\n<p>No Mato Grosso, as chuvas de maio foram decisivas para reverter parte dos impactos do estresse h\u00eddrico no in\u00edcio do ciclo, permitindo produtividades acima de 117 sacas por hectare. J\u00e1 no Paran\u00e1, o risco recente de geadas foi superado sem danos relevantes, o que consolidou o vi\u00e9s altista da revis\u00e3o.<\/p>\n<p>Por outro lado, a consultoria afirma que a produ\u00e7\u00e3o de soja foi mantida em 171,03 milh\u00f5es de toneladas. O foco segue nas exporta\u00e7\u00f5es, que somaram 67,12 milh\u00f5es de toneladas at\u00e9 o fim de maio, alta de 12,9% frente ao mesmo per\u00edodo de 2024. Apenas na \u00faltima semana de maio, foram embarcadas 2,92 milh\u00f5es, com expectativa de fechar o m\u00eas entre 14,25 e 14,50 milh\u00f5es de toneladas.&#13;\n<\/p>\n<p>Apesar desse dito avan\u00e7o produtivo, a AgResource alerta para o cen\u00e1rio de press\u00e3o nos pre\u00e7os do milho. A combina\u00e7\u00e3o de oferta elevada, c\u00e2mbio enfraquecido e demanda interna e externa mais lenta tende a gerar um ambiente de acomoda\u00e7\u00e3o no mercado. J\u00e1 a soja segue com fundamentos s\u00f3lidos, sustentada pela forte demanda chinesa e pelo bom desempenho log\u00edstico dos portos localizados no Brasil.<br \/>&#13;<br \/>\n\u00a0<\/p>\n<\/p><\/div>\n<\/p><\/div>\n<p><script data-cfasync=\"false\">\n    !function (f, b, e, v, n, t, s) {\n        if (f.fbq) return; n = f.fbq = function () {\n            n.callMethod ?\n                n.callMethod.apply(n, arguments) : n.queue.push(arguments)\n        };\n        if (!f._fbq) f._fbq = n; n.push = n; n.loaded = !0; n.version = '2.0';\n        n.queue = []; t = b.createElement(e); t.async = !0;\n        t.src = v; s = b.getElementsByTagName(e)[0];\n        s.parentNode.insertBefore(t, s)\n    }(window, document, 'script',\n        'https:\/\/connect.facebook.net\/en_US\/fbevents.js');\n    fbq('init', '522546078623747');\n    fbq('track', 'PageView');\n<\/script><br \/>\n<br \/><br \/>\n<br \/><a href=\"https:\/\/www.agrolink.com.br\/noticias\/avanco-da-safrinha-e-pressiona-mercado-de-milho_502670.html\">Source link <\/a><\/p>\n","protected":false},"excerpt":{"rendered":"<p>&#13; No Mato Grosso, as chuvas de maio foram decisivas&#13; &#13; Agrolink&#13; &#13; &#8211; Leonardo Gottems&#13; &#13; Publicado em 06\/06\/2025<\/p>\n","protected":false},"author":1,"featured_media":2315,"comment_status":"open","ping_status":"open","sticky":false,"template":"","format":"standard","meta":{"_monsterinsights_skip_tracking":false,"_monsterinsights_sitenote_active":false,"_monsterinsights_sitenote_note":"","_monsterinsights_sitenote_category":0,"_uf_show_specific_survey":0,"_uf_disable_surveys":false,"footnotes":""},"categories":[8,1,14],"tags":[],"class_list":["post-14761","post","type-post","status-publish","format-standard","has-post-thumbnail","hentry","category-agro","category-news","category-politica-agro"],"_links":{"self":[{"href":"https:\/\/agromt.news\/index.php?rest_route=\/wp\/v2\/posts\/14761"}],"collection":[{"href":"https:\/\/agromt.news\/index.php?rest_route=\/wp\/v2\/posts"}],"about":[{"href":"https:\/\/agromt.news\/index.php?rest_route=\/wp\/v2\/types\/post"}],"author":[{"embeddable":true,"href":"https:\/\/agromt.news\/index.php?rest_route=\/wp\/v2\/users\/1"}],"replies":[{"embeddable":true,"href":"https:\/\/agromt.news\/index.php?rest_route=%2Fwp%2Fv2%2Fcomments&post=14761"}],"version-history":[{"count":0,"href":"https:\/\/agromt.news\/index.php?rest_route=\/wp\/v2\/posts\/14761\/revisions"}],"wp:featuredmedia":[{"embeddable":true,"href":"https:\/\/agromt.news\/index.php?rest_route=\/wp\/v2\/media\/2315"}],"wp:attachment":[{"href":"https:\/\/agromt.news\/index.php?rest_route=%2Fwp%2Fv2%2Fmedia&parent=14761"}],"wp:term":[{"taxonomy":"category","embeddable":true,"href":"https:\/\/agromt.news\/index.php?rest_route=%2Fwp%2Fv2%2Fcategories&post=14761"},{"taxonomy":"post_tag","embeddable":true,"href":"https:\/\/agromt.news\/index.php?rest_route=%2Fwp%2Fv2%2Ftags&post=14761"}],"curies":[{"name":"wp","href":"https:\/\/api.w.org\/{rel}","templated":true}]}}