{"id":14759,"date":"2025-06-07T00:13:04","date_gmt":"2025-06-07T04:13:04","guid":{"rendered":"https:\/\/agromt.news\/?p=14759"},"modified":"2025-06-07T00:13:04","modified_gmt":"2025-06-07T04:13:04","slug":"comercializacao-de-soja-segue-restrita","status":"publish","type":"post","link":"https:\/\/agromt.news\/?p=14759","title":{"rendered":"Comercializa\u00e7\u00e3o de soja segue restrita"},"content":{"rendered":"<p> <br \/>\n<\/p>\n<div>\n<p>A comercializa\u00e7\u00e3o da <a href=\"https:\/\/www.agrolink.com.br\/culturas\/soja?utm_source=agrolink-detalhe-noticia&amp;utm_medium=detalhe-noticia&amp;utm_campaign=links-internos\" target=\"_blank\" rel=\"noopener\">soja<\/a> segue restrita no estado do Rio Grande do Sul, segundo informa\u00e7\u00f5es da TF Agroecon\u00f4mica. \u201cIndica\u00e7\u00f5es no porto, para entrega maio e pagamento 17\/06 na casa de R$ 135,80. No interior os pre\u00e7os de f\u00e1bricas seguiram o balizamento de cada pra\u00e7a. R$ 131,00 Cruz Alta \u2013 Pgto. 04\/07 \u2013 para f\u00e1brica R$ 131,00 Passo Fundo \u2013 Pgto. come\u00e7o de julho R$ 131,00 Iju\u00ed \u2013 Pgto. 04\/07 \u2013 para f\u00e1brica R$ 131,00 Santa Rosa \/ S\u00e3o Luiz \u2013 Pgto. come\u00e7o de julho. Pre\u00e7os de pedra, em Panambi, subiram para R$ 119,00\u201d, comenta.&#13;\n<\/p>\n<p>Santa Catarina mant\u00e9m estabilidade na soja, mas enfrenta desafios log\u00edsticos. \u201cEm Santa Catarina, as cota\u00e7\u00f5es da soja seguiram est\u00e1veis em 5 de junho, refletindo o comportamento cauteloso dos produtores, em linha com a tend\u00eancia nacional. A comercializa\u00e7\u00e3o caminha em ritmo lento, com os vendedores aguardando melhores condi\u00e7\u00f5es de mercado antes de fechar novos neg\u00f3cios. No porto de S\u00e3o Francisco, a saca de soja \u00e9 cotada a R$ 133,00\u201d, completa.<\/p>\n<p>Comercializa\u00e7\u00e3o segue cautelosa no Paran\u00e1, apesar dos recordes na exporta\u00e7\u00e3o de soja. \u201cEm Paranagu\u00e1, o pre\u00e7o chegou a R$ 133,69, marcando alta de 0,24%. Em Cascavel, o pre\u00e7o foi 115,47(-3,53%). Em Maring\u00e1, o pre\u00e7o foi de R$ 122,37. Em Ponta Grossa o pre\u00e7o foi a R$ 123,31(-0,14%) por saca FOB, Pato Branco o pre\u00e7o foi R$133,99(-0,42%). No balc\u00e3o, os pre\u00e7os em Ponta Grossa ficaram em R$ 130,00\u201d, indica.&#13;\n<\/p>\n<p>Mato Grosso do Sul enfrenta desafios log\u00edsticos e estruturais. \u201cAinda assim, o d\u00e9ficit estrutural enfrentado em n\u00edvel nacional tamb\u00e9m impacta o estado, criando gargalos no escoamento e elevando os custos operacionais para produtores, especialmente os mais afastados dos principais polos log\u00edsticos. Em Dourados, o spot da soja ficou em R$119,05 (+0,04%), Campo Grande a R$119,05(+0,04%), Maracaju a R$119,00, Chapad\u00e3o do Sul a R$112,73(0,02%), Sidrol\u00e2ndia a R$119,00\u201d, informa.<\/p>\n<p>O mercado do Mato Grosso est\u00e1 entre o sucesso produtivo e os desafios log\u00edsticos para a pr\u00f3xima safra. \u201cCampo Verde: R$ 116,44(+1,73%). Lucas do Rio Verde: R$ 109,66 (+0,46%), Nova Mutum: R$ 109,66(+0,46%). Primavera do Leste: R$ 116,44(+1,73%). Rondon\u00f3polis: R$ 116,44(+1,73%). Sorriso: R$ 109,66(+0,46%)\u201d, conclui.<br \/>&#13;<br \/>\n\u00a0&#13;\n<\/p>\n<\/p><\/div>\n<p><script data-cfasync=\"false\">\n    !function (f, b, e, v, n, t, s) {\n        if (f.fbq) return; n = f.fbq = function () {\n            n.callMethod ?\n                n.callMethod.apply(n, arguments) : n.queue.push(arguments)\n        };\n        if (!f._fbq) f._fbq = n; n.push = n; n.loaded = !0; n.version = '2.0';\n        n.queue = []; t = b.createElement(e); t.async = !0;\n        t.src = v; s = b.getElementsByTagName(e)[0];\n        s.parentNode.insertBefore(t, s)\n    }(window, document, 'script',\n        'https:\/\/connect.facebook.net\/en_US\/fbevents.js');\n    fbq('init', '522546078623747');\n    fbq('track', 'PageView');\n<\/script><br \/>\n<br \/><br \/>\n<br \/><a href=\"https:\/\/www.agrolink.com.br\/noticias\/comercializacao-de-soja-segue-restrita_502672.html\">Source link <\/a><\/p>\n","protected":false},"excerpt":{"rendered":"<p>A comercializa\u00e7\u00e3o da soja segue restrita no estado do Rio Grande do Sul, segundo informa\u00e7\u00f5es da TF Agroecon\u00f4mica. \u201cIndica\u00e7\u00f5es no<\/p>\n","protected":false},"author":1,"featured_media":4086,"comment_status":"open","ping_status":"open","sticky":false,"template":"","format":"standard","meta":{"_monsterinsights_skip_tracking":false,"_monsterinsights_sitenote_active":false,"_monsterinsights_sitenote_note":"","_monsterinsights_sitenote_category":0,"_uf_show_specific_survey":0,"_uf_disable_surveys":false,"footnotes":""},"categories":[8,1,14],"tags":[],"class_list":["post-14759","post","type-post","status-publish","format-standard","has-post-thumbnail","hentry","category-agro","category-news","category-politica-agro"],"_links":{"self":[{"href":"https:\/\/agromt.news\/index.php?rest_route=\/wp\/v2\/posts\/14759"}],"collection":[{"href":"https:\/\/agromt.news\/index.php?rest_route=\/wp\/v2\/posts"}],"about":[{"href":"https:\/\/agromt.news\/index.php?rest_route=\/wp\/v2\/types\/post"}],"author":[{"embeddable":true,"href":"https:\/\/agromt.news\/index.php?rest_route=\/wp\/v2\/users\/1"}],"replies":[{"embeddable":true,"href":"https:\/\/agromt.news\/index.php?rest_route=%2Fwp%2Fv2%2Fcomments&post=14759"}],"version-history":[{"count":0,"href":"https:\/\/agromt.news\/index.php?rest_route=\/wp\/v2\/posts\/14759\/revisions"}],"wp:featuredmedia":[{"embeddable":true,"href":"https:\/\/agromt.news\/index.php?rest_route=\/wp\/v2\/media\/4086"}],"wp:attachment":[{"href":"https:\/\/agromt.news\/index.php?rest_route=%2Fwp%2Fv2%2Fmedia&parent=14759"}],"wp:term":[{"taxonomy":"category","embeddable":true,"href":"https:\/\/agromt.news\/index.php?rest_route=%2Fwp%2Fv2%2Fcategories&post=14759"},{"taxonomy":"post_tag","embeddable":true,"href":"https:\/\/agromt.news\/index.php?rest_route=%2Fwp%2Fv2%2Ftags&post=14759"}],"curies":[{"name":"wp","href":"https:\/\/api.w.org\/{rel}","templated":true}]}}