{"id":14758,"date":"2025-06-06T22:15:52","date_gmt":"2025-06-07T02:15:52","guid":{"rendered":"https:\/\/agromt.news\/?p=14758"},"modified":"2025-06-06T22:15:52","modified_gmt":"2025-06-07T02:15:52","slug":"b3-e-chicago-mantem-alta-no-milho","status":"publish","type":"post","link":"https:\/\/agromt.news\/?p=14758","title":{"rendered":"B3 e Chicago mant\u00eam alta no milho"},"content":{"rendered":"<p> <br \/>\n<\/p>\n<div>\n<p>Segundo a TF Agroecon\u00f4mica, o <a href=\"https:\/\/www.agrolink.com.br\/culturas\/milho?utm_source=agrolink-detalhe-noticia&amp;utm_medium=detalhe-noticia&amp;utm_campaign=links-internos&#9;\" target=\"_blank\" rel=\"noopener\">milho<\/a> na B3 encerrou a quinta-feira com valoriza\u00e7\u00e3o pelo terceiro dia seguido, impulsionado pelas cota\u00e7\u00f5es em alta na Bolsa de Chicago (CBOT). Mesmo com a queda do d\u00f3lar, que j\u00e1 acumula perdas de 2,32% desde o in\u00edcio da semana, os contratos futuros de <a href=\"https:\/\/www.agrolink.com.br\/culturas\/milho?utm_source=agrolink-detalhe-noticia&amp;utm_medium=detalhe-noticia&amp;utm_campaign=links-internos&#9;\" target=\"_blank\" rel=\"noopener\">milho<\/a> avan\u00e7aram, indicando a for\u00e7a do movimento internacional.\u00a0&#13;\n<\/p>\n<p>O vencimento julho\/25 fechou em R$ 64,37, com alta di\u00e1ria de R$ 0,37 e semanal de R$ 1,65. J\u00e1 o contrato julho\/26 encerrou a R$ 65,38, subindo R$ 0,10 no dia e R$ 1,66 na semana. O vencimento setembro\/25 alcan\u00e7ou R$ 68,95, com ganho de R$ 0,37 no dia e de R$ 1,41 na semana.<\/p>\n<p>Em Chicago, os pre\u00e7os tamb\u00e9m subiram, segundo as informa\u00e7\u00f5es, refletindo a preocupa\u00e7\u00e3o com o atraso no plantio da safra 2024 nos Estados Unidos. O contrato julho subiu 0,17%, fechando em US$ 4,3950 por bushel, enquanto o contrato setembro avan\u00e7ou 0,86%, para US$ 4,3150 por bushel. A lentid\u00e3o no ritmo do plantio em regi\u00f5es como Ohio pode levar produtores a optar pela cobertura de solo no lugar do milho, o que contribui para a valoriza\u00e7\u00e3o dos futuros, especialmente os de dezembro, que atingiram o maior patamar em mais de duas semanas.&#13;\n<\/p>\n<p>Apesar do cen\u00e1rio altista, a valoriza\u00e7\u00e3o do real frente ao d\u00f3lar vem reduzindo a competitividade do milho brasileiro no mercado externo. Esse movimento j\u00e1 come\u00e7a a se refletir nos pr\u00eamios de exporta\u00e7\u00e3o para setembro, justamente quando a safrinha estar\u00e1 totalmente dispon\u00edvel para embarque. O mercado segue atento ao c\u00e2mbio e \u00e0s condi\u00e7\u00f5es clim\u00e1ticas nos EUA, fatores determinantes para a tend\u00eancia dos pre\u00e7os nos pr\u00f3ximos dias.<br \/>&#13;<br \/>\n\u00a0<\/p>\n<\/p><\/div>\n<p><script data-cfasync=\"false\">\n    !function (f, b, e, v, n, t, s) {\n        if (f.fbq) return; n = f.fbq = function () {\n            n.callMethod ?\n                n.callMethod.apply(n, arguments) : n.queue.push(arguments)\n        };\n        if (!f._fbq) f._fbq = n; n.push = n; n.loaded = !0; n.version = '2.0';\n        n.queue = []; t = b.createElement(e); t.async = !0;\n        t.src = v; s = b.getElementsByTagName(e)[0];\n        s.parentNode.insertBefore(t, s)\n    }(window, document, 'script',\n        'https:\/\/connect.facebook.net\/en_US\/fbevents.js');\n    fbq('init', '522546078623747');\n    fbq('track', 'PageView');\n<\/script><br \/>\n<br \/><br \/>\n<br \/><a href=\"https:\/\/www.agrolink.com.br\/noticias\/b3-e-chicago-mantem-alta-no-milho_502673.html\">Source link <\/a><\/p>\n","protected":false},"excerpt":{"rendered":"<p>Segundo a TF Agroecon\u00f4mica, o milho na B3 encerrou a quinta-feira com valoriza\u00e7\u00e3o pelo terceiro dia seguido, impulsionado pelas cota\u00e7\u00f5es<\/p>\n","protected":false},"author":1,"featured_media":4845,"comment_status":"open","ping_status":"open","sticky":false,"template":"","format":"standard","meta":{"_monsterinsights_skip_tracking":false,"_monsterinsights_sitenote_active":false,"_monsterinsights_sitenote_note":"","_monsterinsights_sitenote_category":0,"_uf_show_specific_survey":0,"_uf_disable_surveys":false,"footnotes":""},"categories":[8,1,14],"tags":[],"class_list":["post-14758","post","type-post","status-publish","format-standard","has-post-thumbnail","hentry","category-agro","category-news","category-politica-agro"],"_links":{"self":[{"href":"https:\/\/agromt.news\/index.php?rest_route=\/wp\/v2\/posts\/14758"}],"collection":[{"href":"https:\/\/agromt.news\/index.php?rest_route=\/wp\/v2\/posts"}],"about":[{"href":"https:\/\/agromt.news\/index.php?rest_route=\/wp\/v2\/types\/post"}],"author":[{"embeddable":true,"href":"https:\/\/agromt.news\/index.php?rest_route=\/wp\/v2\/users\/1"}],"replies":[{"embeddable":true,"href":"https:\/\/agromt.news\/index.php?rest_route=%2Fwp%2Fv2%2Fcomments&post=14758"}],"version-history":[{"count":0,"href":"https:\/\/agromt.news\/index.php?rest_route=\/wp\/v2\/posts\/14758\/revisions"}],"wp:featuredmedia":[{"embeddable":true,"href":"https:\/\/agromt.news\/index.php?rest_route=\/wp\/v2\/media\/4845"}],"wp:attachment":[{"href":"https:\/\/agromt.news\/index.php?rest_route=%2Fwp%2Fv2%2Fmedia&parent=14758"}],"wp:term":[{"taxonomy":"category","embeddable":true,"href":"https:\/\/agromt.news\/index.php?rest_route=%2Fwp%2Fv2%2Fcategories&post=14758"},{"taxonomy":"post_tag","embeddable":true,"href":"https:\/\/agromt.news\/index.php?rest_route=%2Fwp%2Fv2%2Ftags&post=14758"}],"curies":[{"name":"wp","href":"https:\/\/api.w.org\/{rel}","templated":true}]}}