{"id":14755,"date":"2025-06-06T19:45:58","date_gmt":"2025-06-06T23:45:58","guid":{"rendered":"https:\/\/agromt.news\/?p=14755"},"modified":"2025-06-06T19:45:58","modified_gmt":"2025-06-06T23:45:58","slug":"uso-de-bioinsumos-e-rastreabilidade-agropecuaria-foram-destaques-do-gaffff-2025","status":"publish","type":"post","link":"https:\/\/agromt.news\/?p=14755","title":{"rendered":"Uso de bioinsumos e rastreabilidade agropecu\u00e1ria foram destaques do GAFFFF 2025"},"content":{"rendered":"<p> <br \/>\n<br \/><img decoding=\"async\" src=\"https:\/\/agromt.news\/wp-content\/uploads\/2025\/06\/Uso-de-bioinsumos-e-rastreabilidade-agropecuaria-foram-destaques-do-GAFFFF.jpg\" \/><\/p>\n<div>\n<p>Carne, muita m\u00fasica, tecnologia, inova\u00e7\u00e3o e tr\u00eas pain\u00e9is simult\u00e2neos. Essa foi a t\u00f4nica do Global Agribusiness Forum (GAFFFF 2025), em S\u00e3o Paulo, que aconteceu entre quinta e sexta-feira (5 e 6) e colocou a sustentabilidade no campo no centro dos debates.<\/p>\n<p>Assim, lan\u00e7amentos, como a chegada do primeiro bionematicida ao Brasil e a ado\u00e7\u00e3o de bioinsumos no pa\u00eds, que cresceu 13% na safra 2024\/25, com destaque para o uso na cultura da soja, ganharam destaque.<\/p>\n<p>Mato Grosso lidera a ado\u00e7\u00e3o destes produtos provenientes de mat\u00e9ria-prima natural, com 34% do mercado. De acordo com o diretor-presidente da <strong><a href=\"https:\/\/croplifebrasil.org\/\">Croplife Brasil<\/a><\/strong>, Eduardo Le\u00e3o, tais insumos, al\u00e9m do apelo sustent\u00e1vel, t\u00eam mostrado ganhos expressivos de produtividade a cada ano.<\/p>\n<p><iframe title=\"GAFFFF 2025: sustentabilidade: evento discute aumento do uso de bioinsumos\" width=\"800\" height=\"450\" src=\"https:\/\/www.youtube.com\/embed\/l2CkcuwBWUg?feature=oembed\" frameborder=\"0\" allow=\"accelerometer; autoplay; clipboard-write; encrypted-media; gyroscope; picture-in-picture; web-share\" referrerpolicy=\"strict-origin-when-cross-origin\" allowfullscreen><\/iframe><noscript><iframe title=\"GAFFFF 2025: sustentabilidade: evento discute aumento do uso de bioinsumos\" width=\"800\" height=\"450\" src=\"https:\/\/www.youtube.com\/embed\/l2CkcuwBWUg?feature=oembed\" frameborder=\"0\" allow=\"accelerometer; autoplay; clipboard-write; encrypted-media; gyroscope; picture-in-picture; web-share\" referrerpolicy=\"strict-origin-when-cross-origin\" allowfullscreen><\/iframe><\/noscript><\/p>\n<p>\u201cN\u00e3o por acaso, hoje 26% de todas as terras com produ\u00e7\u00e3o no Brasil j\u00e1 utilizam, de alguma forma, esses produtos que controlam pragas, doen\u00e7as e promovem o crescimento [das culturas].\u201d<\/p>\n<p>Ao contr\u00e1rio de outros pa\u00edses, o Brasil tem utilizado bioinsumos em produ\u00e7\u00e3o de larga escala. Com o aumento dessa demanda, foi lan\u00e7ado recentemente e debatido no GAFFFF o projeto Bioinsumos do Brasil, que busca posicionar o pa\u00eds como refer\u00eancia global, fortalecendo o mercado e ampliando oportunidades de exporta\u00e7\u00e3o.<\/p>\n<\/div>\n<div>\n<p>\u201cIniciamos esse conv\u00eanio com a Apex [Ag\u00eancia Brasileira de Promo\u00e7\u00e3o de Exporta\u00e7\u00f5es e Investimentos] e estamos com uma perspectiva muito positiva de amplia\u00e7\u00e3o das nossas exporta\u00e7\u00f5es, que j\u00e1 ocorrem, mas que esperamos que cres\u00e7am bastante nos pr\u00f3ximos anos\u201d, ressalta Le\u00e3o.<\/p>\n<p>A tem\u00e1tica tamb\u00e9m deve ser destaque na Confer\u00eancia das Na\u00e7\u00f5es Unidas sobre as Mudan\u00e7as Clim\u00e1ticas de 2025 <strong><a href=\"https:\/\/www.canalrural.com.br\/tag\/cop30\/\">(COP 30)<\/a><\/strong>, que acontece em novembro no Brasil. Em um painel especial no GAFFFF, o governador do Par\u00e1, estado que vai sediar a c\u00fapula do clima, Helder Barbalho, falou sobre a prepara\u00e7\u00e3o para o evento.<\/p>\n<p>Al\u00e9m disso, destacou a import\u00e2ncia de conciliar a produ\u00e7\u00e3o de alimentos com sustentabilidade e apresentou os avan\u00e7os na rastreabilidade individual do rebanho bovino, medida j\u00e1 adotada no Par\u00e1.<\/p>\n<p>\u201cN\u00f3s precisamos conciliar produ\u00e7\u00e3o de alimento com sustentabilidade e a pecu\u00e1ria do estado deve, a partir da integridade produtiva com rastreabilidade individual, garantir que possamos saber a origem da pecu\u00e1ria desde o nascimento at\u00e9 o abate, o que garante para quem consome saber o que est\u00e1 consumindo, sua origem, e quem produz, a ind\u00fastria da carne, compreender que a sua cadeia produtiva est\u00e1 dentro da legalidade ambiental\u201d, diz o governador.<\/p>\n<p>Segundo ele, o foco central do estado \u00e9 financiar e apoiar o pequeno produtor, aqueles que tenham at\u00e9 100 hectares de propriedade, para o atendimento a essas metas.<\/p>\n<\/p><\/div>\n<p><br \/>\n<br \/><a href=\"https:\/\/www.canalrural.com.br\/projetos\/conteudo-patrocinado\/uso-de-bioinsumos-e-rastreabilidade-agropecuaria-foram-destaques-do-gaffff-2025\/\">Source link <\/a><\/p>\n","protected":false},"excerpt":{"rendered":"<p>Carne, muita m\u00fasica, tecnologia, inova\u00e7\u00e3o e tr\u00eas pain\u00e9is simult\u00e2neos. Essa foi a t\u00f4nica do Global Agribusiness Forum (GAFFFF 2025), em<\/p>\n","protected":false},"author":1,"featured_media":14756,"comment_status":"open","ping_status":"open","sticky":false,"template":"","format":"standard","meta":{"_monsterinsights_skip_tracking":false,"_monsterinsights_sitenote_active":false,"_monsterinsights_sitenote_note":"","_monsterinsights_sitenote_category":0,"_uf_show_specific_survey":0,"_uf_disable_surveys":false,"footnotes":""},"categories":[1],"tags":[],"class_list":["post-14755","post","type-post","status-publish","format-standard","has-post-thumbnail","hentry","category-news"],"_links":{"self":[{"href":"https:\/\/agromt.news\/index.php?rest_route=\/wp\/v2\/posts\/14755"}],"collection":[{"href":"https:\/\/agromt.news\/index.php?rest_route=\/wp\/v2\/posts"}],"about":[{"href":"https:\/\/agromt.news\/index.php?rest_route=\/wp\/v2\/types\/post"}],"author":[{"embeddable":true,"href":"https:\/\/agromt.news\/index.php?rest_route=\/wp\/v2\/users\/1"}],"replies":[{"embeddable":true,"href":"https:\/\/agromt.news\/index.php?rest_route=%2Fwp%2Fv2%2Fcomments&post=14755"}],"version-history":[{"count":0,"href":"https:\/\/agromt.news\/index.php?rest_route=\/wp\/v2\/posts\/14755\/revisions"}],"wp:featuredmedia":[{"embeddable":true,"href":"https:\/\/agromt.news\/index.php?rest_route=\/wp\/v2\/media\/14756"}],"wp:attachment":[{"href":"https:\/\/agromt.news\/index.php?rest_route=%2Fwp%2Fv2%2Fmedia&parent=14755"}],"wp:term":[{"taxonomy":"category","embeddable":true,"href":"https:\/\/agromt.news\/index.php?rest_route=%2Fwp%2Fv2%2Fcategories&post=14755"},{"taxonomy":"post_tag","embeddable":true,"href":"https:\/\/agromt.news\/index.php?rest_route=%2Fwp%2Fv2%2Ftags&post=14755"}],"curies":[{"name":"wp","href":"https:\/\/api.w.org\/{rel}","templated":true}]}}