{"id":14752,"date":"2025-06-06T18:47:59","date_gmt":"2025-06-06T22:47:59","guid":{"rendered":"https:\/\/agromt.news\/?p=14752"},"modified":"2025-06-06T18:47:59","modified_gmt":"2025-06-06T22:47:59","slug":"como-os-precos-da-arroba-do-boi-gordo-encerraram-a-semana-confira-aqui","status":"publish","type":"post","link":"https:\/\/agromt.news\/?p=14752","title":{"rendered":"Como os pre\u00e7os da arroba do boi gordo encerraram a semana? Confira aqui"},"content":{"rendered":"<p> <br \/>\n<br \/><img decoding=\"async\" src=\"https:\/\/imagens-cdn.canalrural.com.br\/wp-content\/uploads\/boi-gordo-mt.jpg\" \/><\/p>\n<div>\n<p>O mercado f\u00edsico do boi gordo encerrou a semana com alta em seus pre\u00e7os. De acordo com o analista da consultoria Safras &amp; Mercado Fernando Henrique Iglesias, a dificuldade na composi\u00e7\u00e3o das escalas de abate explica o movimento.<\/p>\n<p>\u201cIsso acontece, em especial, quando se trata de animais jovens, com at\u00e9 30 meses de idade. A oferta de f\u00eameas segue representativa, em especial de f\u00eameas com maior idade\u201d, ressalta.<\/p>\n<p>Segundo ele, exporta\u00e7\u00f5es seguem em alto n\u00edvel, com expectativa de mais um recorde de embarques para a atual temporada. \u201cO Brasil continua como a melhor alternativa para o fornecimento global de carne bovina.\u201d<\/p>\n<h2 class=\"wp-block-heading\" id=\"h-precos-da-arroba-do-boi\">Pre\u00e7os da arroba do boi<\/h2>\n<ul class=\"wp-block-list\">\n<li><strong>S\u00e3o Paulo:<\/strong> R$ 316,33 \u2014 ontem: R$ 315,08<\/li>\n<li><strong>Goi\u00e1s:<\/strong> R$ 299,11 \u2014 anteriormente: R$ 294,11<\/li>\n<li><strong>Minas Gerais:<\/strong> R$ 300,29 \u2014 na quinta: R$ 297,35<\/li>\n<li><strong>Mato Grosso do Sul:<\/strong> R$ 313,52 \u2014 ontem: R$ 312,39<\/li>\n<li><strong>Mato Grosso:<\/strong> R$ 310,20 \u2014 anteriormente: R$ 306,76<\/li>\n<\/ul>\n<h2 class=\"wp-block-heading\" id=\"h-mercado-atacadista\">Mercado atacadista<\/h2>\n<p>O mercado atacadista apresenta pre\u00e7os firmes para a carne bovina. \u201cO ambiente de neg\u00f3cios ainda sugere por alguma alta dos pre\u00e7os no curto prazo, considerando a boa reposi\u00e7\u00e3o entre atacado e varejo durante a primeira quinzena do m\u00eas, per\u00edodo pautado por maior apelo ao consumo\u201d, destaca Iglesias. <\/p>\n<\/div>\n<div>\n<p>Conforme o analista, o limitador para altas mais consistentes segue na situa\u00e7\u00e3o das prote\u00ednas concorrentes, em especial da <strong><a href=\"https:\/\/www.canalrural.com.br\/tag\/frango\/\">carne de frango<\/a><\/strong>, que possuem a prefer\u00eancia de grande parte da popula\u00e7\u00e3o.<\/p>\n<p>O quarto traseiro segue no patamar de R$ 24,50 por quilo, o dianteiro ainda \u00e9 cotado a R$ 19,50 e a ponta de agulha continua no patamar de R$ 18,50, por quilo.<\/p>\n<h2 class=\"wp-block-heading\" id=\"h-cambio\">C\u00e2mbio<\/h2>\n<p>O d\u00f3lar comercial encerrou a sess\u00e3o em queda de 0,29%, sendo negociado a R$ 5,5690 para venda e a R$ 5,5670 para compra. Durante o dia, a moeda norte-americana oscilou entre a m\u00ednima de R$ 5,5598 e a m\u00e1xima de R$ 5,6173. Na semana, a moeda teve desvaloriza\u00e7\u00e3o de 2,64%.<\/p>\n<\/p><\/div>\n<p><br \/>\n<br \/><a href=\"https:\/\/www.canalrural.com.br\/pecuaria\/como-os-precos-da-arroba-do-boi-gordo-encerraram-a-semana-confira-aqui\/\">Source link <\/a><\/p>\n","protected":false},"excerpt":{"rendered":"<p>O mercado f\u00edsico do boi gordo encerrou a semana com alta em seus pre\u00e7os. De acordo com o analista da<\/p>\n","protected":false},"author":1,"featured_media":3665,"comment_status":"open","ping_status":"open","sticky":false,"template":"","format":"standard","meta":{"_monsterinsights_skip_tracking":false,"_monsterinsights_sitenote_active":false,"_monsterinsights_sitenote_note":"","_monsterinsights_sitenote_category":0,"_uf_show_specific_survey":0,"_uf_disable_surveys":false,"footnotes":""},"categories":[1],"tags":[],"class_list":["post-14752","post","type-post","status-publish","format-standard","has-post-thumbnail","hentry","category-news"],"_links":{"self":[{"href":"https:\/\/agromt.news\/index.php?rest_route=\/wp\/v2\/posts\/14752"}],"collection":[{"href":"https:\/\/agromt.news\/index.php?rest_route=\/wp\/v2\/posts"}],"about":[{"href":"https:\/\/agromt.news\/index.php?rest_route=\/wp\/v2\/types\/post"}],"author":[{"embeddable":true,"href":"https:\/\/agromt.news\/index.php?rest_route=\/wp\/v2\/users\/1"}],"replies":[{"embeddable":true,"href":"https:\/\/agromt.news\/index.php?rest_route=%2Fwp%2Fv2%2Fcomments&post=14752"}],"version-history":[{"count":0,"href":"https:\/\/agromt.news\/index.php?rest_route=\/wp\/v2\/posts\/14752\/revisions"}],"wp:featuredmedia":[{"embeddable":true,"href":"https:\/\/agromt.news\/index.php?rest_route=\/wp\/v2\/media\/3665"}],"wp:attachment":[{"href":"https:\/\/agromt.news\/index.php?rest_route=%2Fwp%2Fv2%2Fmedia&parent=14752"}],"wp:term":[{"taxonomy":"category","embeddable":true,"href":"https:\/\/agromt.news\/index.php?rest_route=%2Fwp%2Fv2%2Fcategories&post=14752"},{"taxonomy":"post_tag","embeddable":true,"href":"https:\/\/agromt.news\/index.php?rest_route=%2Fwp%2Fv2%2Ftags&post=14752"}],"curies":[{"name":"wp","href":"https:\/\/api.w.org\/{rel}","templated":true}]}}