{"id":14748,"date":"2025-06-06T17:58:08","date_gmt":"2025-06-06T21:58:08","guid":{"rendered":"https:\/\/agromt.news\/?p=14748"},"modified":"2025-06-06T17:58:08","modified_gmt":"2025-06-06T21:58:08","slug":"fabrica-da-coca-cola-volta-a-funcionar-apos-liberacao-do-mapa","status":"publish","type":"post","link":"https:\/\/agromt.news\/?p=14748","title":{"rendered":"F\u00e1brica da Coca-Cola volta a funcionar ap\u00f3s libera\u00e7\u00e3o do Mapa"},"content":{"rendered":"<p> <br \/>\n<br \/><img decoding=\"async\" src=\"https:\/\/agromt.news\/wp-content\/uploads\/2025\/06\/Fabrica-da-Coca-Cola-volta-a-funcionar-apos-liberacao-do-Mapa.jpg\" \/><\/p>\n<div>\n<p>O Minist\u00e9rio da Agricultura e Pecu\u00e1ria (Mapa) autorizou na tarde desta sexta-feira (6) a Solar, segunda maior produtora da Coca-Cola no Brasil, a retomar suas opera\u00e7\u00f5es. <\/p>\n<p>Na \u00faltima ter\u00e7a-feira (3), a f\u00e1brica de Maracana\u00fa, na Regi\u00e3o Metropolitana de Fortaleza, no Cear\u00e1, havia voluntariamente interrompido a produ\u00e7\u00e3o e o envase das bebidas ap\u00f3s ter sido identificado poss\u00edvel contamina\u00e7\u00e3o de etanol aliment\u00edcio do sistema de resfriamento nos produtos.<\/p>\n<p>Por conta da suspeita, aproximadamente 9 milh\u00f5es de litros de bebidas produzidas pela companhia foram para an\u00e1lise laboratorial. \u201cA medida visa garantir que todos os itens estejam plenamente adequados para o consumo antes de serem comercializados\u201d, disse o Mapa, na ocasi\u00e3o.<\/p>\n<\/div>\n<div>\n<p>\u201cAp\u00f3s apresenta\u00e7\u00e3o dos resultados de rigorosos testes que confirmaram absoluta seguran\u00e7a dos processos produtivos da Solar, a empresa foi autorizada a retomar a sua produ\u00e7\u00e3o\u201d, disse a companhia, em nota.<\/p>\n<p>De acordo com a Solar, em nenhum momento a seguran\u00e7a dos produtos foi afetada. \u201cComo sempre, a empresa seguir\u00e1 trabalhando em colabora\u00e7\u00e3o e parceria com as autoridades\u201d, completa o texto.<\/p>\n<\/p><\/div>\n<p><br \/>\n<br \/><a href=\"https:\/\/www.canalrural.com.br\/nacional\/fabrica-da-coca-cola-volta-a-funcionar-apos-liberacao-do-mapa\/\">Source link <\/a><\/p>\n","protected":false},"excerpt":{"rendered":"<p>O Minist\u00e9rio da Agricultura e Pecu\u00e1ria (Mapa) autorizou na tarde desta sexta-feira (6) a Solar, segunda maior produtora da Coca-Cola<\/p>\n","protected":false},"author":1,"featured_media":14749,"comment_status":"open","ping_status":"open","sticky":false,"template":"","format":"standard","meta":{"_monsterinsights_skip_tracking":false,"_monsterinsights_sitenote_active":false,"_monsterinsights_sitenote_note":"","_monsterinsights_sitenote_category":0,"_uf_show_specific_survey":0,"_uf_disable_surveys":false,"footnotes":""},"categories":[1],"tags":[],"class_list":["post-14748","post","type-post","status-publish","format-standard","has-post-thumbnail","hentry","category-news"],"_links":{"self":[{"href":"https:\/\/agromt.news\/index.php?rest_route=\/wp\/v2\/posts\/14748"}],"collection":[{"href":"https:\/\/agromt.news\/index.php?rest_route=\/wp\/v2\/posts"}],"about":[{"href":"https:\/\/agromt.news\/index.php?rest_route=\/wp\/v2\/types\/post"}],"author":[{"embeddable":true,"href":"https:\/\/agromt.news\/index.php?rest_route=\/wp\/v2\/users\/1"}],"replies":[{"embeddable":true,"href":"https:\/\/agromt.news\/index.php?rest_route=%2Fwp%2Fv2%2Fcomments&post=14748"}],"version-history":[{"count":0,"href":"https:\/\/agromt.news\/index.php?rest_route=\/wp\/v2\/posts\/14748\/revisions"}],"wp:featuredmedia":[{"embeddable":true,"href":"https:\/\/agromt.news\/index.php?rest_route=\/wp\/v2\/media\/14749"}],"wp:attachment":[{"href":"https:\/\/agromt.news\/index.php?rest_route=%2Fwp%2Fv2%2Fmedia&parent=14748"}],"wp:term":[{"taxonomy":"category","embeddable":true,"href":"https:\/\/agromt.news\/index.php?rest_route=%2Fwp%2Fv2%2Fcategories&post=14748"},{"taxonomy":"post_tag","embeddable":true,"href":"https:\/\/agromt.news\/index.php?rest_route=%2Fwp%2Fv2%2Ftags&post=14748"}],"curies":[{"name":"wp","href":"https:\/\/api.w.org\/{rel}","templated":true}]}}