{"id":14745,"date":"2025-06-06T16:47:11","date_gmt":"2025-06-06T20:47:11","guid":{"rendered":"https:\/\/agromt.news\/?p=14745"},"modified":"2025-06-06T16:47:11","modified_gmt":"2025-06-06T20:47:11","slug":"frio-invade-lavouras-e-2a-onda-de-frio-derruba-temperaturas-em-varios-estados-saiba-onde","status":"publish","type":"post","link":"https:\/\/agromt.news\/?p=14745","title":{"rendered":"Frio invade lavouras e 2\u00aa onda de frio derruba temperaturas em v\u00e1rios estados; saiba onde"},"content":{"rendered":"<p> <br \/>\n<br \/><img decoding=\"async\" src=\"https:\/\/agromt.news\/wp-content\/uploads\/2025\/06\/Frio-invade-lavouras-e-2a-onda-de-frio-derruba-temperaturas.jpg\" \/><\/p>\n<div>\n<p>Os pr\u00f3ximos dias devem trazer <a href=\"https:\/\/www.canalrural.com.br\/?s=chuvas+\">chuvas <\/a>fortes para as lavouras do Norte do pa\u00eds. Em Roraima, no entanto, a not\u00edcia n\u00e3o \u00e9 das melhores para o campo. A precipita\u00e7\u00e3o prevista vem acompanhada de rajadas de vento, o que pode causar estragos pontuais e dificultar o andamento das atividades.<\/p>\n<figure class=\"wp-block-embed is-type-video is-provider-youtube wp-block-embed-youtube wp-embed-aspect-16-9 wp-has-aspect-ratio\">\n<p>\n<iframe title=\"Frio invade lavouras e 2\u00aa onda de frio derruba temperaturas em v\u00e1rios estados; saiba onde\" width=\"800\" height=\"450\" src=\"https:\/\/www.youtube.com\/embed\/h-hpFz96nuY?feature=oembed\" frameborder=\"0\" allow=\"accelerometer; autoplay; clipboard-write; encrypted-media; gyroscope; picture-in-picture; web-share\" referrerpolicy=\"strict-origin-when-cross-origin\" allowfullscreen><\/iframe>\n<\/p>\n<\/figure>\n<ul class=\"wp-block-list\">\n<li><strong><em>Fique por dentro das novidades e not\u00edcias recentes sobre a soja! Participe da nossa comunidade atrav\u00e9s do\u00a0<a href=\"https:\/\/chat.whatsapp.com\/BmMRwA0TZ2DHGyhzoaVEWu\">link<\/a><\/em><\/strong>!<\/li>\n<\/ul>\n<p>J\u00e1 no Centro-Oeste e nas regi\u00f5es do Matopiba, o cen\u00e1rio \u00e9 mais favor\u00e1vel. O tempo firme deve predominar, garantindo boas condi\u00e7\u00f5es para a colheita da segunda safra.<\/p>\n<\/div>\n<div>\n<p>No Paran\u00e1, no sul de Minas Gerais e no litoral de S\u00e3o Paulo, a previs\u00e3o \u00e9 de pancadas de chuva mais intensas. Nessas \u00e1reas, os produtores devem se preparar para pausas nos trabalhos, j\u00e1 que o tempo inst\u00e1vel pode atrapalhar o ritmo no campo.<\/p>\n<h2 class=\"wp-block-heading\" id=\"h-frio-chega-as-lavouras\">Frio chega \u00e0s lavouras<\/h2>\n<p>A partir da pr\u00f3xima semana, uma nova massa de ar frio avan\u00e7a sobre \u00e0s lavouras do Centro-Sul, trazendo a segunda onda de frio do ano. Estados como Santa Catarina, Paran\u00e1, Mato Grosso do Sul, Rio Grande do Sul, S\u00e3o Paulo e at\u00e9 mesmo o Rio de Janeiro devem registrar manh\u00e3s geladas, com temperaturas que seguem baixas ao longo do dia.<\/p>\n<p>A chuva prevista para o pa\u00eds nos pr\u00f3ximos dias deve variar entre 15 e 30 mil\u00edmetros um volume baixo, que favorece a colheita, mas n\u00e3o resolve a necessidade de umidade para quem ainda depende de \u00e1gua para o desenvolvimento da segunda safra. Pelo menos nos pr\u00f3ximos dez dias, n\u00e3o h\u00e1 previs\u00e3o de melhora nesse cen\u00e1rio.<\/p>\n<div data-icp-cta=\"1\" id=\"icp-cta-unique\">Voc\u00ea quer entender como usar o clima a seu favor?<b> <\/b><a href=\"https:\/\/climacampo.canalrural.com.br\/climacampo_-01\">Preparamos um e-book exclusivo<\/a> para ajudar produtores rurais a se antecipar \u00e0s mudan\u00e7as do tempo e planejar melhor suas a\u00e7\u00f5es. Com base em previs\u00f5es meteorol\u00f3gicas confi\u00e1veis, ele oferece orienta\u00e7\u00f5es pr\u00e1ticas para proteger sua lavoura e otimizar seus resultados.<\/div>\n<\/div>\n<p><br \/>\n<br \/><a href=\"https:\/\/www.canalrural.com.br\/agricultura\/projeto-soja-brasil\/frio-invade-lavouras-e-2a-onda-de-frio-derruba-temperaturas-em-varios-estados-saiba-onde\/\">Source link <\/a><\/p>\n","protected":false},"excerpt":{"rendered":"<p>Os pr\u00f3ximos dias devem trazer chuvas fortes para as lavouras do Norte do pa\u00eds. Em Roraima, no entanto, a not\u00edcia<\/p>\n","protected":false},"author":1,"featured_media":14746,"comment_status":"open","ping_status":"open","sticky":false,"template":"","format":"standard","meta":{"_monsterinsights_skip_tracking":false,"_monsterinsights_sitenote_active":false,"_monsterinsights_sitenote_note":"","_monsterinsights_sitenote_category":0,"_uf_show_specific_survey":0,"_uf_disable_surveys":false,"footnotes":""},"categories":[1],"tags":[],"class_list":["post-14745","post","type-post","status-publish","format-standard","has-post-thumbnail","hentry","category-news"],"_links":{"self":[{"href":"https:\/\/agromt.news\/index.php?rest_route=\/wp\/v2\/posts\/14745"}],"collection":[{"href":"https:\/\/agromt.news\/index.php?rest_route=\/wp\/v2\/posts"}],"about":[{"href":"https:\/\/agromt.news\/index.php?rest_route=\/wp\/v2\/types\/post"}],"author":[{"embeddable":true,"href":"https:\/\/agromt.news\/index.php?rest_route=\/wp\/v2\/users\/1"}],"replies":[{"embeddable":true,"href":"https:\/\/agromt.news\/index.php?rest_route=%2Fwp%2Fv2%2Fcomments&post=14745"}],"version-history":[{"count":0,"href":"https:\/\/agromt.news\/index.php?rest_route=\/wp\/v2\/posts\/14745\/revisions"}],"wp:featuredmedia":[{"embeddable":true,"href":"https:\/\/agromt.news\/index.php?rest_route=\/wp\/v2\/media\/14746"}],"wp:attachment":[{"href":"https:\/\/agromt.news\/index.php?rest_route=%2Fwp%2Fv2%2Fmedia&parent=14745"}],"wp:term":[{"taxonomy":"category","embeddable":true,"href":"https:\/\/agromt.news\/index.php?rest_route=%2Fwp%2Fv2%2Fcategories&post=14745"},{"taxonomy":"post_tag","embeddable":true,"href":"https:\/\/agromt.news\/index.php?rest_route=%2Fwp%2Fv2%2Ftags&post=14745"}],"curies":[{"name":"wp","href":"https:\/\/api.w.org\/{rel}","templated":true}]}}