{"id":14744,"date":"2025-06-06T16:21:07","date_gmt":"2025-06-06T20:21:07","guid":{"rendered":"https:\/\/agromt.news\/?p=14744"},"modified":"2025-06-06T16:21:07","modified_gmt":"2025-06-06T20:21:07","slug":"avanco-do-caruru-preocupa","status":"publish","type":"post","link":"https:\/\/agromt.news\/?p=14744","title":{"rendered":"Avan\u00e7o do caruru preocupa"},"content":{"rendered":"<p> <br \/>\n<\/p>\n<div>\n<div class=\"row\">\n<div class=\"col-lg col-infos mt-0 mt-lg-0\">\n<div class=\"section-sub-title\">\n<p itemprop=\"description\">&#13;<br \/>\n                                A praga tem r\u00e1pida dispers\u00e3o &#13;\n                            <\/p>\n<\/p><\/div>\n<div class=\"container\">\n<div class=\"row\">\n<div class=\"col-lg p-0\">\n<div>\n<div class=\"block-news-main-infos mt-3 text-start\">\n<p>                                            <strong class=\"fn\" itemprop=\"author\" style=\"color: rgb(112, 112, 112); \">&#13;<br \/>\n                                                <a href=\"https:\/\/www.agrolink.com.br\/noticias\/javascript:;\" class=\"text-uppercase\" target=\"_blank\" style=\"color: rgb(112, 112, 112); \" rel=\"noopener\">Agrolink<\/a>&#13;<br \/>\n&#13;<br \/>\n                                                    &#8211; Leonardo Gottems&#13;<br \/>\n&#13;<br \/>\n                                            <\/strong><br \/>\n                                        <\/p>\n<p>                                            <abbr><time datetime=\"2025-06-06T09:51\" itemprop=\"datePublished dateModified\">Publicado em 06\/06\/2025 \u00e0s 09:51h.<\/time><\/abbr><br \/>\n                                            <\/p><\/div>\n<\/p><\/div>\n<\/p><\/div>\n<div class=\"col-lg p-0 text-lg-end\">\n<div>\n<div id=\"mdEnviarPagina\" class=\"modal fade\" role=\"dialog\">\n<div class=\"modal-dialog\">\n<div class=\"modal-content\">\n<div class=\"modal-body\">\n<p><strong>Estimado usu\u00e1rio.<\/strong><br \/>Preencha o formul\u00e1rio abaixo para remeter a p\u00e1gina.<\/p>\n<\/p><\/div>\n<\/p><\/div>\n<\/p><\/div>\n<\/div><\/div>\n<\/p><\/div>\n<\/p><\/div>\n<\/p><\/div>\n<\/p><\/div>\n<\/p><\/div>\n<div class=\"row justify-content-md-center mt-3\">\n<div class=\"col-lg-auto col-image block-news-main-image\">\n<p>                                <img decoding=\"async\" src=\"https:\/\/www.agrolink.com.br\/upload\/imagens-resizes\/5e6488fe9b744b88abd3989a7e82bb22_858x483.jpg\" class=\"lazyload img-fluid\" alt=\"A praga tem r\u00e1pida dispers\u00e3o \"\/><br \/>\n                                                <span class=\"d-block mt-1\">A praga tem r\u00e1pida dispers\u00e3o  &#8211; Foto: Pixabay<\/span><\/p><\/div>\n<\/p><\/div>\n<div class=\"section-description section-description-noticias mt-3\">\n<p>O avan\u00e7o do caruru-roxo (Amaranthus hybridus) e do caruru-palmeri (Amaranthus palmeri) em lavouras de <a href=\"https:\/\/www.agrolink.com.br\/culturas\/soja?utm_source=agrolink-detalhe-noticia&amp;utm_medium=detalhe-noticia&amp;utm_campaign=links-internos\" target=\"_blank\" rel=\"noopener\">soja<\/a> tem gerado grande preocupa\u00e7\u00e3o, especialmente em Mato Grosso e Mato Grosso do Sul. Consideradas entre as plantas daninhas mais agressivas, essas esp\u00e9cies apresentam alta capacidade de dissemina\u00e7\u00e3o e resist\u00eancia m\u00faltipla a herbicidas. O A. hybridus pode reduzir em 6,4% a produtividade da <a href=\"https:\/\/www.agrolink.com.br\/culturas\/soja?utm_source=agrolink-detalhe-noticia&amp;utm_medium=detalhe-noticia&amp;utm_campaign=links-internos\" target=\"_blank\" rel=\"noopener\">soja<\/a> mesmo com uma planta por metro quadrado, enquanto o A. palmeri pode causar perdas de at\u00e9 79%.&#13;\n<\/p>\n<p>Ambas produzem at\u00e9 600 mil sementes por planta, com dispers\u00e3o facilitada por m\u00e1quinas, irriga\u00e7\u00e3o, esterco, animais e culturas infestadas. A resist\u00eancia ao glifosato, um dos herbicidas mais utilizados, torna o controle ainda mais desafiador. \u00a0\u201cIsso compromete o controle e torna indispens\u00e1vel a ado\u00e7\u00e3o de estrat\u00e9gias mais completas e integradas. Diante desse cen\u00e1rio, o herbicida YAMATO SC, da IHARA, \u00e9 hoje uma das principais ferramentas dispon\u00edveis no manejo dessas esp\u00e9cies de \u00a0Amaranthus no Brasil\u201d, afirma o engenheiro agr\u00f4nomo e gerente de Marketing Regional da IHARA, Gustavo Corsini.<\/p>\n<p>Ensaios demonstram que YAMATO SC tem mais de 90% de efici\u00eancia no controle do caruru em pr\u00e9-emerg\u00eancia, com efeito residual prolongado e alta seletividade para soja. Sua formula\u00e7\u00e3o diferenciada garante melhor absor\u00e7\u00e3o e menor risco de perdas, sendo amplamente utilizada por produtores e consultores.&#13;\n<\/p>\n<p>Especialistas refor\u00e7am a import\u00e2ncia do manejo integrado, com rota\u00e7\u00e3o de culturas, uso de plantas de cobertura e herbicidas como o YAMATO SC, para reduzir o banco de sementes e dificultar novas infesta\u00e7\u00f5es. A IHARA refor\u00e7a seu compromisso em oferecer solu\u00e7\u00f5es eficazes para os desafios do campo.<\/p>\n<p>\u201cSabemos que o caruru-roxo e o caruru-palmeri representam um novo patamar de amea\u00e7a \u00e0s lavouras de soja. Por isso, nossa miss\u00e3o \u00e9 entregar tecnologias que realmente funcionem no campo e permitam ao produtor manter sua produtividade e rentabilidade\u201d, conclui o gerente de Marketing Regional.<br \/>&#13;<br \/>\n\u00a0&#13;\n<\/p>\n<\/p><\/div>\n<\/p><\/div>\n<p><script data-cfasync=\"false\">\n    !function (f, b, e, v, n, t, s) {\n        if (f.fbq) return; n = f.fbq = function () {\n            n.callMethod ?\n                n.callMethod.apply(n, arguments) : n.queue.push(arguments)\n        };\n        if (!f._fbq) f._fbq = n; n.push = n; n.loaded = !0; n.version = '2.0';\n        n.queue = []; t = b.createElement(e); t.async = !0;\n        t.src = v; s = b.getElementsByTagName(e)[0];\n        s.parentNode.insertBefore(t, s)\n    }(window, document, 'script',\n        'https:\/\/connect.facebook.net\/en_US\/fbevents.js');\n    fbq('init', '522546078623747');\n    fbq('track', 'PageView');\n<\/script><br \/>\n<br \/><br \/>\n<br \/><a href=\"https:\/\/www.agrolink.com.br\/noticias\/avanco-do-caruru-preocupa_502677.html\">Source link <\/a><\/p>\n","protected":false},"excerpt":{"rendered":"<p>&#13; A praga tem r\u00e1pida dispers\u00e3o &#13; &#13; Agrolink&#13; &#13; &#8211; Leonardo Gottems&#13; &#13; Publicado em 06\/06\/2025 \u00e0s 09:51h. Estimado<\/p>\n","protected":false},"author":1,"featured_media":7885,"comment_status":"open","ping_status":"open","sticky":false,"template":"","format":"standard","meta":{"_monsterinsights_skip_tracking":false,"_monsterinsights_sitenote_active":false,"_monsterinsights_sitenote_note":"","_monsterinsights_sitenote_category":0,"_uf_show_specific_survey":0,"_uf_disable_surveys":false,"footnotes":""},"categories":[8,1,14],"tags":[],"class_list":["post-14744","post","type-post","status-publish","format-standard","has-post-thumbnail","hentry","category-agro","category-news","category-politica-agro"],"_links":{"self":[{"href":"https:\/\/agromt.news\/index.php?rest_route=\/wp\/v2\/posts\/14744"}],"collection":[{"href":"https:\/\/agromt.news\/index.php?rest_route=\/wp\/v2\/posts"}],"about":[{"href":"https:\/\/agromt.news\/index.php?rest_route=\/wp\/v2\/types\/post"}],"author":[{"embeddable":true,"href":"https:\/\/agromt.news\/index.php?rest_route=\/wp\/v2\/users\/1"}],"replies":[{"embeddable":true,"href":"https:\/\/agromt.news\/index.php?rest_route=%2Fwp%2Fv2%2Fcomments&post=14744"}],"version-history":[{"count":0,"href":"https:\/\/agromt.news\/index.php?rest_route=\/wp\/v2\/posts\/14744\/revisions"}],"wp:featuredmedia":[{"embeddable":true,"href":"https:\/\/agromt.news\/index.php?rest_route=\/wp\/v2\/media\/7885"}],"wp:attachment":[{"href":"https:\/\/agromt.news\/index.php?rest_route=%2Fwp%2Fv2%2Fmedia&parent=14744"}],"wp:term":[{"taxonomy":"category","embeddable":true,"href":"https:\/\/agromt.news\/index.php?rest_route=%2Fwp%2Fv2%2Fcategories&post=14744"},{"taxonomy":"post_tag","embeddable":true,"href":"https:\/\/agromt.news\/index.php?rest_route=%2Fwp%2Fv2%2Ftags&post=14744"}],"curies":[{"name":"wp","href":"https:\/\/api.w.org\/{rel}","templated":true}]}}