{"id":14742,"date":"2025-06-06T15:48:30","date_gmt":"2025-06-06T19:48:30","guid":{"rendered":"https:\/\/agromt.news\/?p=14742"},"modified":"2025-06-06T15:48:30","modified_gmt":"2025-06-06T19:48:30","slug":"inscricoes-para-concurso-internacional-de-queijos-vao-ate-domingo","status":"publish","type":"post","link":"https:\/\/agromt.news\/?p=14742","title":{"rendered":"Inscri\u00e7\u00f5es para concurso internacional de queijos v\u00e3o at\u00e9 domingo"},"content":{"rendered":"<p> <br \/>\n<\/p>\n<div>\n<p>Produtores de queijo do Brasil e do exterior ter\u00e3o at\u00e9 este domingo (8) para se <strong><a href=\"https:\/\/expoqueijobrasil.com.br\/\">inscrever na ExpoQueijo Brasil 2025<\/a><\/strong> \u2013 <em>Arax\u00e1 International Cheese Awards<\/em>, a maior premia\u00e7\u00e3o de queijos artesanais das Am\u00e9ricas. <\/p>\n<p>O evento ser\u00e1 realizado entre os dias 26 e 29 de junho, nos sal\u00f5es do Grande Hotel e Termas de Arax\u00e1, em <a href=\"https:\/\/www.canalrural.com.br\/tag\/minas-gerais\/\">Minas Gerais<\/a>.<\/p>\n<p>O prazo vale para quem deseja participar do Concurso Internacional de Queijos, que integra a programa\u00e7\u00e3o do evento. A quinta edi\u00e7\u00e3o do concurso reunir\u00e1 centenas de produtores, especialistas e entusiastas do queijo artesanal.<\/p>\n<p>\u201cDecidimos ampliar o prazo para garantir a participa\u00e7\u00e3o de produtores que solicitaram mais tempo para concluir a documenta\u00e7\u00e3o e os preparativos. Queremos valorizar a diversidade e ampliar a representatividade no concurso\u201d, afirma a organizadora do evento, Maricell Hussein.<\/p>\n<p>Na avalia\u00e7\u00e3o do Subsecret\u00e1rio de Pol\u00edtica e Economia Agropecu\u00e1ria da Secretaria de Agricultura, Pecu\u00e1ria e Abastecimento (<a href=\"https:\/\/www.canalrural.com.br\/tag\/seapa\/\">Seapa<\/a>), Gilson Sales, o evento se consolidou como uma grande vitrine mundial para o queijo artesanal regularizado. \u00a0<\/p>\n<\/div>\n<div>\n<p>\u201cNeste ano, o concurso ter\u00e1 45 categorias, contemplando queijos elaborados com leite de vaca, cabra, ovelha, b\u00fafala e misturas, que ser\u00e3o avaliados por um corpo de jurados nacionais e internacionais, com base em sete crit\u00e9rios sensoriais: aspecto global, cor, textura, odor, aroma, consist\u00eancia e sabor\u201d, detalha Sales.<\/p>\n<h2 class=\"wp-block-heading\" id=\"h-premiacoes-ao-melhor-queijo\">Premia\u00e7\u00f5es ao melhor queijo<\/h2>\n<figure class=\"wp-block-image size-large\"><img fetchpriority=\"high\" decoding=\"async\" width=\"1024\" height=\"682\" alt=\"Queijo; ExpoQueijo Brasil 2025\" class=\"wp-image-4103871\"  data-lazy- src=\"https:\/\/agromt.news\/wp-content\/uploads\/2025\/06\/Inscricoes-para-concurso-internacional-de-queijos-vao-ate-domingo.jpg\"\/><img decoding=\"async\" width=\"1024\" height=\"682\" src=\"https:\/\/agromt.news\/wp-content\/uploads\/2025\/06\/Inscricoes-para-concurso-internacional-de-queijos-vao-ate-domingo.jpg\" alt=\"Queijo; ExpoQueijo Brasil 2025\" class=\"wp-image-4103871\"  \/><figcaption class=\"wp-element-caption\">Foto: divulga\u00e7\u00e3o ExpoQueijo Brasil 2025<\/figcaption><\/figure>\n<p>Os premiados receber\u00e3o medalhas de ouro, prata e bronze, al\u00e9m do cobi\u00e7ado trof\u00e9u Super Ouro, concedido ao queijo com maior pontua\u00e7\u00e3o geral. \u201cJ\u00e1 temos v\u00e1rias inscri\u00e7\u00f5es de produtores da Europa e de muitos pa\u00edses da Am\u00e9rica Latina que querem participar desta edi\u00e7\u00e3o especial\u201d, destaca a organizadora Maricell.<\/p>\n<p>Al\u00e9m do Concurso Internacional, a ExpoQueijo Brasil 2025 conta com uma Feira Internacional de Neg\u00f3cios, al\u00e9m de palestras, confer\u00eancias, mesas de debate, vila gastron\u00f4mica e cultural.<\/p>\n<p>Em 2024, o concurso reuniu 1.110 queijos de 14 pa\u00edses. Para participar, \u00e9 necess\u00e1rio que o produtor possua registro junto \u00e0s autoridades sanit\u00e1rias do pa\u00eds de origem e que se enquadre nas exig\u00eancias t\u00e9cnicas do edital. As inscri\u00e7\u00f5es devem ser feitas <a href=\"https:\/\/expoqueijobrasil.com.br\/\">neste link<\/a>.<\/p>\n<p><em>*Sob supervis\u00e3o de Victor Faverin<\/em><\/p>\n<\/p><\/div>\n<p><br \/>\n<br \/><a href=\"https:\/\/www.canalrural.com.br\/projetos\/especial\/queijosecabras\/inscricoes-para-concurso-internacional-de-queijos-vao-ate-domingo\/\">Source link <\/a><\/p>\n","protected":false},"excerpt":{"rendered":"<p>Produtores de queijo do Brasil e do exterior ter\u00e3o at\u00e9 este domingo (8) para se inscrever na ExpoQueijo Brasil 2025<\/p>\n","protected":false},"author":1,"featured_media":14743,"comment_status":"open","ping_status":"open","sticky":false,"template":"","format":"standard","meta":{"_monsterinsights_skip_tracking":false,"_monsterinsights_sitenote_active":false,"_monsterinsights_sitenote_note":"","_monsterinsights_sitenote_category":0,"_uf_show_specific_survey":0,"_uf_disable_surveys":false,"footnotes":""},"categories":[1],"tags":[],"class_list":["post-14742","post","type-post","status-publish","format-standard","has-post-thumbnail","hentry","category-news"],"_links":{"self":[{"href":"https:\/\/agromt.news\/index.php?rest_route=\/wp\/v2\/posts\/14742"}],"collection":[{"href":"https:\/\/agromt.news\/index.php?rest_route=\/wp\/v2\/posts"}],"about":[{"href":"https:\/\/agromt.news\/index.php?rest_route=\/wp\/v2\/types\/post"}],"author":[{"embeddable":true,"href":"https:\/\/agromt.news\/index.php?rest_route=\/wp\/v2\/users\/1"}],"replies":[{"embeddable":true,"href":"https:\/\/agromt.news\/index.php?rest_route=%2Fwp%2Fv2%2Fcomments&post=14742"}],"version-history":[{"count":0,"href":"https:\/\/agromt.news\/index.php?rest_route=\/wp\/v2\/posts\/14742\/revisions"}],"wp:featuredmedia":[{"embeddable":true,"href":"https:\/\/agromt.news\/index.php?rest_route=\/wp\/v2\/media\/14743"}],"wp:attachment":[{"href":"https:\/\/agromt.news\/index.php?rest_route=%2Fwp%2Fv2%2Fmedia&parent=14742"}],"wp:term":[{"taxonomy":"category","embeddable":true,"href":"https:\/\/agromt.news\/index.php?rest_route=%2Fwp%2Fv2%2Fcategories&post=14742"},{"taxonomy":"post_tag","embeddable":true,"href":"https:\/\/agromt.news\/index.php?rest_route=%2Fwp%2Fv2%2Ftags&post=14742"}],"curies":[{"name":"wp","href":"https:\/\/api.w.org\/{rel}","templated":true}]}}