{"id":14733,"date":"2025-06-06T14:09:32","date_gmt":"2025-06-06T18:09:32","guid":{"rendered":"https:\/\/agromt.news\/?p=14733"},"modified":"2025-06-06T14:09:32","modified_gmt":"2025-06-06T18:09:32","slug":"estimativa-de-producao-de-trigo-e-reduzida-em-27-por-consultoria","status":"publish","type":"post","link":"https:\/\/agromt.news\/?p=14733","title":{"rendered":"Estimativa de produ\u00e7\u00e3o de trigo \u00e9 reduzida em 2,7% por consultoria"},"content":{"rendered":"<p> <br \/>\n<br \/><img decoding=\"async\" src=\"https:\/\/agromt.news\/wp-content\/uploads\/2025\/06\/Estimativa-de-producao-de-trigo-e-reduzida-em-27-por.jpg\" \/><\/p>\n<div>\n<p>A estimativa para a safra de trigo brasileira 2025\/26 foi indicada pela StoneX em 7,69 milh\u00f5es de toneladas, recuo de 2,7% em rela\u00e7\u00e3o ao que a empresa esperava no \u00faltimo m\u00eas.<\/p>\n<p>De acordo com o consultor em Gerenciamento de Riscos da companhia, Jonathan Pinheiro, o cen\u00e1rio recente indica menor propens\u00e3o dos agricultores a investir no cereal como cultura de inverno nesta temporada, especialmente nos principais estados produtores, como <strong><a href=\"https:\/\/www.canalrural.com.br\/nacional\/parana\/\">Paran\u00e1<\/a><\/strong> e <strong><a href=\"https:\/\/www.canalrural.com.br\/nacional\/rio-grande-do-sul\/\">Rio Grande do Sul<\/a><\/strong>.<\/p>\n<p>\u201cNesse sentido, a \u00e1rea destinada \u00e0 cultura no Paran\u00e1 \u00e9 estimada agora em 905 mil hectares, enquanto no Rio Grande do Sul est\u00e1 em torno de 1,1 milh\u00e3o de hectares. Devido ao corte na \u00e1rea semeada, a expectativa \u00e9 de que a produ\u00e7\u00e3o paranaense caia 2,2% e a ga\u00facha seja 4,3% menor, no comparativo mensal\u201d, detalha Pinheiro.<\/p>\n<p>Apesar desta nova revis\u00e3o, h\u00e1 uma perspectiva de crescimento para a produ\u00e7\u00e3o em compara\u00e7\u00e3o ao ciclo produtivo 2024\/25.<\/p>\n<\/div>\n<div>\n<h2 class=\"wp-block-heading\" id=\"h-oferta-e-demanda-de-trigo\">Oferta e demanda de trigo<\/h2>\n<p>No recorte de oferta e demanda, a StoneX observa uma diminui\u00e7\u00e3o da disponibilidade de trigo no mercado interno, devido ao corte nas estimativas de produ\u00e7\u00e3o, ainda sem uma contrapartida do lado das importa\u00e7\u00f5es.<\/p>\n<p>Por outro lado, conforme o plantio avan\u00e7a, n\u00e3o tem sido observado um progresso na comercializa\u00e7\u00e3o de sementes no mesmo ritmo. <\/p>\n<p>\u201cAcredita-se que, em grande parte, a demanda de sementes esteja sendo suprida por estoques salvos previamente para esta finalidade. No entanto, n\u00e3o \u00e9 descartada a possibilidade de desist\u00eancia do plantio por uma parte dos produtores, o que justificaria os n\u00fameros inferiores para a \u00e1rea e produ\u00e7\u00e3o de trigo nesta safra\u201d, salienta.<\/p>\n<p>Diante desse cen\u00e1rio, espera-se uma retra\u00e7\u00e3o significativa nos estoques finais do trigo no pa\u00eds e, consequentemente, na rela\u00e7\u00e3o estoque\/uso. <\/p>\n<p>Em n\u00fameros, os estoques finais s\u00e3o agora estimados em 255 mil toneladas, uma redu\u00e7\u00e3o de 44,3% em rela\u00e7\u00e3o ao que se esperava na \u00faltima edi\u00e7\u00e3o deste relat\u00f3rio, e de 38,1% em rela\u00e7\u00e3o \u00e0 safra 2024\/25.<\/p>\n<\/p><\/div>\n<p><br \/>\n<br \/><a href=\"https:\/\/www.canalrural.com.br\/agricultura\/estimativa-de-producao-de-trigo-e-reduzida-em-27-por-consultoria\/\">Source link <\/a><\/p>\n","protected":false},"excerpt":{"rendered":"<p>A estimativa para a safra de trigo brasileira 2025\/26 foi indicada pela StoneX em 7,69 milh\u00f5es de toneladas, recuo de<\/p>\n","protected":false},"author":1,"featured_media":14734,"comment_status":"open","ping_status":"open","sticky":false,"template":"","format":"standard","meta":{"_monsterinsights_skip_tracking":false,"_monsterinsights_sitenote_active":false,"_monsterinsights_sitenote_note":"","_monsterinsights_sitenote_category":0,"_uf_show_specific_survey":0,"_uf_disable_surveys":false,"footnotes":""},"categories":[1],"tags":[],"class_list":["post-14733","post","type-post","status-publish","format-standard","has-post-thumbnail","hentry","category-news"],"_links":{"self":[{"href":"https:\/\/agromt.news\/index.php?rest_route=\/wp\/v2\/posts\/14733"}],"collection":[{"href":"https:\/\/agromt.news\/index.php?rest_route=\/wp\/v2\/posts"}],"about":[{"href":"https:\/\/agromt.news\/index.php?rest_route=\/wp\/v2\/types\/post"}],"author":[{"embeddable":true,"href":"https:\/\/agromt.news\/index.php?rest_route=\/wp\/v2\/users\/1"}],"replies":[{"embeddable":true,"href":"https:\/\/agromt.news\/index.php?rest_route=%2Fwp%2Fv2%2Fcomments&post=14733"}],"version-history":[{"count":0,"href":"https:\/\/agromt.news\/index.php?rest_route=\/wp\/v2\/posts\/14733\/revisions"}],"wp:featuredmedia":[{"embeddable":true,"href":"https:\/\/agromt.news\/index.php?rest_route=\/wp\/v2\/media\/14734"}],"wp:attachment":[{"href":"https:\/\/agromt.news\/index.php?rest_route=%2Fwp%2Fv2%2Fmedia&parent=14733"}],"wp:term":[{"taxonomy":"category","embeddable":true,"href":"https:\/\/agromt.news\/index.php?rest_route=%2Fwp%2Fv2%2Fcategories&post=14733"},{"taxonomy":"post_tag","embeddable":true,"href":"https:\/\/agromt.news\/index.php?rest_route=%2Fwp%2Fv2%2Ftags&post=14733"}],"curies":[{"name":"wp","href":"https:\/\/api.w.org\/{rel}","templated":true}]}}