{"id":14732,"date":"2025-06-06T12:29:37","date_gmt":"2025-06-06T16:29:37","guid":{"rendered":"https:\/\/agromt.news\/?p=14732"},"modified":"2025-06-06T12:29:37","modified_gmt":"2025-06-06T16:29:37","slug":"preco-da-soja-e-contido-por-cambio-em-queda","status":"publish","type":"post","link":"https:\/\/agromt.news\/?p=14732","title":{"rendered":"Pre\u00e7o da soja \u00e9 contido por c\u00e2mbio em queda"},"content":{"rendered":"<p> <br \/>\n<\/p>\n<div>\n<p style=\"text-align:justify\">O mercado internacional da <a href=\"https:\/\/www.agrolink.com.br\/culturas\/soja?utm_source=agrolink-detalhe-noticia&amp;utm_medium=detalhe-noticia&amp;utm_campaign=links-internos\" target=\"_blank\" rel=\"noopener\">soja<\/a> segue est\u00e1vel, com cota\u00e7\u00f5es praticamente inalteradas nas \u00faltimas semanas em Chicago. Segundo an\u00e1lise da Central Internacional de An\u00e1lises Econ\u00f4micas e de Estudos de Mercado Agropecu\u00e1rio (Ceema), divulgada nesta quinta-feira (5), o contrato com vencimento mais pr\u00f3ximo encerrou o preg\u00e3o cotado a US$ 10,51 por bushel, repetindo o valor da semana anterior. A m\u00e9dia de maio tamb\u00e9m foi de US$ 10,51, o que representa alta de 2,2% em rela\u00e7\u00e3o \u00e0 m\u00e9dia de abril.&#13;\n<\/p>\n<p style=\"text-align:justify\">De acordo com o Ceema, &#8220;as aten\u00e7\u00f5es do mercado est\u00e3o voltadas ao clima nos EUA, em fun\u00e7\u00e3o da proximidade do encerramento do plantio da oleaginosa por l\u00e1, e do conflito comercial entre China e EUA&#8221;. Enquanto isso, no Brasil, a valoriza\u00e7\u00e3o do real, que fez o c\u00e2mbio recuar para R$ 5,59 por d\u00f3lar no dia 5 de junho, limitou a evolu\u00e7\u00e3o dos pre\u00e7os da oleaginosa no mercado interno. As cota\u00e7\u00f5es oscilaram entre R$ 106,00 e R$ 123,00 por saca nas principais regi\u00f5es produtoras. No Rio Grande do Sul, a m\u00e9dia semanal foi de R$ 121,12, mas em diversas pra\u00e7as locais os pre\u00e7os recuaram para R$ 119,00.<\/p>\n<p style=\"text-align:justify\">Nos Estados Unidos, o Departamento de Agricultura (USDA) informou que, at\u00e9 1\u00ba de junho, 84% da \u00e1rea prevista para o cultivo da soja j\u00e1 havia sido plantada. Em 2023, esse percentual era de 77%, enquanto a m\u00e9dia hist\u00f3rica \u00e9 de 80%. Tamb\u00e9m foi registrada uma taxa de germina\u00e7\u00e3o de 63%, ante 57% da m\u00e9dia hist\u00f3rica. Al\u00e9m disso, 67% das lavouras apresentavam boas ou excelentes condi\u00e7\u00f5es.<\/p>\n<p style=\"text-align:justify\">No que se refere \u00e0s exporta\u00e7\u00f5es norte-americanas, os embarques da semana encerrada em 29 de maio somaram 268.343 toneladas, volume que ficou dentro das expectativas do mercado. Com esse desempenho, os EUA j\u00e1 acumularam 44,6 milh\u00f5es de toneladas exportadas no atual ano comercial, 11% acima do registrado no mesmo per\u00edodo do ano anterior.&#13;\n<\/p>\n<p style=\"text-align:justify\">O Ceema tamb\u00e9m destaca a expectativa do mercado em rela\u00e7\u00e3o ao pr\u00f3ximo relat\u00f3rio de oferta e demanda do USDA, previsto para o dia 12 de junho. Outra vari\u00e1vel que influencia o comportamento das cota\u00e7\u00f5es \u00e9 a crescente competitividade da soja norte-americana em destinos alternativos \u00e0 China. &#8220;Parte dessa competitividade maior da soja estadunidense passa pelos pr\u00eamios mais altos no Brasil, j\u00e1 que os produtores t\u00eam segurado o produto esperando pre\u00e7os melhores e n\u00e3o haveria mais soja dispon\u00edvel da safra velha&#8221;, aponta a entidade. Com isso, h\u00e1 expectativa de recupera\u00e7\u00e3o dos pre\u00e7os nos pr\u00f3ximos meses no mercado brasileiro.<\/p>\n<p style=\"text-align:justify\">No cen\u00e1rio interno, a Aprosoja do Mato Grosso do Sul informou que a \u00e1rea de cultivo da soja para a safra 2024\/2025 atingiu 4,5 milh\u00f5es de hectares, com produtividade m\u00e9dia estimada em 51,8 sacas por hectare e produ\u00e7\u00e3o total de 14,06 milh\u00f5es de toneladas.<\/p>\n<p style=\"text-align:justify\">J\u00e1 no estado do Mato Grosso, inicia-se no pr\u00f3ximo s\u00e1bado, 8 de junho, o per\u00edodo do vazio sanit\u00e1rio da soja. A medida pro\u00edbe o cultivo e a presen\u00e7a de plantas vivas da oleaginosa at\u00e9 6 de setembro, com o objetivo de prevenir a incid\u00eancia do fungo causador da ferrugem asi\u00e1tica.&#13;\n<\/p>\n<\/p><\/div>\n<p><script data-cfasync=\"false\">\n    !function (f, b, e, v, n, t, s) {\n        if (f.fbq) return; n = f.fbq = function () {\n            n.callMethod ?\n                n.callMethod.apply(n, arguments) : n.queue.push(arguments)\n        };\n        if (!f._fbq) f._fbq = n; n.push = n; n.loaded = !0; n.version = '2.0';\n        n.queue = []; t = b.createElement(e); t.async = !0;\n        t.src = v; s = b.getElementsByTagName(e)[0];\n        s.parentNode.insertBefore(t, s)\n    }(window, document, 'script',\n        'https:\/\/connect.facebook.net\/en_US\/fbevents.js');\n    fbq('init', '522546078623747');\n    fbq('track', 'PageView');\n<\/script><br \/>\n<br \/><br \/>\n<br \/><a href=\"https:\/\/www.agrolink.com.br\/noticias\/preco-da-soja-e-contido-por-cambio-em-queda_502682.html\">Source link <\/a><\/p>\n","protected":false},"excerpt":{"rendered":"<p>O mercado internacional da soja segue est\u00e1vel, com cota\u00e7\u00f5es praticamente inalteradas nas \u00faltimas semanas em Chicago. Segundo an\u00e1lise da Central<\/p>\n","protected":false},"author":1,"featured_media":10489,"comment_status":"open","ping_status":"open","sticky":false,"template":"","format":"standard","meta":{"_monsterinsights_skip_tracking":false,"_monsterinsights_sitenote_active":false,"_monsterinsights_sitenote_note":"","_monsterinsights_sitenote_category":0,"_uf_show_specific_survey":0,"_uf_disable_surveys":false,"footnotes":""},"categories":[8,1,14],"tags":[],"class_list":["post-14732","post","type-post","status-publish","format-standard","has-post-thumbnail","hentry","category-agro","category-news","category-politica-agro"],"_links":{"self":[{"href":"https:\/\/agromt.news\/index.php?rest_route=\/wp\/v2\/posts\/14732"}],"collection":[{"href":"https:\/\/agromt.news\/index.php?rest_route=\/wp\/v2\/posts"}],"about":[{"href":"https:\/\/agromt.news\/index.php?rest_route=\/wp\/v2\/types\/post"}],"author":[{"embeddable":true,"href":"https:\/\/agromt.news\/index.php?rest_route=\/wp\/v2\/users\/1"}],"replies":[{"embeddable":true,"href":"https:\/\/agromt.news\/index.php?rest_route=%2Fwp%2Fv2%2Fcomments&post=14732"}],"version-history":[{"count":0,"href":"https:\/\/agromt.news\/index.php?rest_route=\/wp\/v2\/posts\/14732\/revisions"}],"wp:featuredmedia":[{"embeddable":true,"href":"https:\/\/agromt.news\/index.php?rest_route=\/wp\/v2\/media\/10489"}],"wp:attachment":[{"href":"https:\/\/agromt.news\/index.php?rest_route=%2Fwp%2Fv2%2Fmedia&parent=14732"}],"wp:term":[{"taxonomy":"category","embeddable":true,"href":"https:\/\/agromt.news\/index.php?rest_route=%2Fwp%2Fv2%2Fcategories&post=14732"},{"taxonomy":"post_tag","embeddable":true,"href":"https:\/\/agromt.news\/index.php?rest_route=%2Fwp%2Fv2%2Ftags&post=14732"}],"curies":[{"name":"wp","href":"https:\/\/api.w.org\/{rel}","templated":true}]}}