{"id":14727,"date":"2025-06-06T10:32:51","date_gmt":"2025-06-06T14:32:51","guid":{"rendered":"https:\/\/agromt.news\/?p=14727"},"modified":"2025-06-06T10:32:51","modified_gmt":"2025-06-06T14:32:51","slug":"brasil-se-livra-da-aftosa-sem-vacinacao","status":"publish","type":"post","link":"https:\/\/agromt.news\/?p=14727","title":{"rendered":"Brasil se livra da aftosa sem vacina\u00e7\u00e3o"},"content":{"rendered":"<p> <br \/>\n<\/p>\n<div>\n<div class=\"row\">\n<div class=\"col-lg col-infos mt-0 mt-lg-0\">\n<div class=\"section-sub-title\">\n<p itemprop=\"description\">&#13;<br \/>\n                                Com o novo status, o Brasil passa a ter acesso a mercados mais exigentes&#13;\n                            <\/p>\n<\/p><\/div>\n<div class=\"container\">\n<div class=\"row\">\n<div class=\"col-lg p-0\">\n<div>\n<div class=\"block-news-main-infos mt-3 text-start\">\n<p>                                            <strong class=\"fn\" itemprop=\"author\" style=\"color: rgb(112, 112, 112); \">&#13;<br \/>\n                                                <a href=\"https:\/\/www.agrolink.com.br\/noticias\/javascript:;\" class=\"text-uppercase\" target=\"_blank\" style=\"color: rgb(112, 112, 112); \" rel=\"noopener\">Agrolink<\/a>&#13;<br \/>\n&#13;<br \/>\n                                                    &#8211; Leonardo Gottems&#13;<br \/>\n&#13;<br \/>\n                                            <\/strong><br \/>\n                                        <\/p>\n<p>                                            <abbr><time datetime=\"2025-06-06T10:28\" itemprop=\"datePublished dateModified\">Publicado em 06\/06\/2025 \u00e0s 10:28h.<\/time><\/abbr><br \/>\n                                            <\/p><\/div>\n<\/p><\/div>\n<\/p><\/div>\n<div class=\"col-lg p-0 text-lg-end\">\n<div>\n<div id=\"mdEnviarPagina\" class=\"modal fade\" role=\"dialog\">\n<div class=\"modal-dialog\">\n<div class=\"modal-content\">\n<div class=\"modal-body\">\n<p><strong>Estimado usu\u00e1rio.<\/strong><br \/>Preencha o formul\u00e1rio abaixo para remeter a p\u00e1gina.<\/p>\n<\/p><\/div>\n<\/p><\/div>\n<\/p><\/div>\n<\/div><\/div>\n<\/p><\/div>\n<\/p><\/div>\n<\/p><\/div>\n<\/p><\/div>\n<\/p><\/div>\n<div class=\"row justify-content-md-center mt-3\">\n<div class=\"col-lg-auto col-image block-news-main-image\">\n<p>                                <img decoding=\"async\" src=\"https:\/\/www.agrolink.com.br\/upload\/imagens-resizes\/0f5a2060467543a1a0cea5e0b1909fe5_858x483.jpg\" class=\"lazyload img-fluid\" alt=\"Com o novo status, o Brasil passa a ter acesso a mercados mais exigentes\"\/><br \/>\n                                                <span class=\"d-block mt-1\">Com o novo status, o Brasil passa a ter acesso a mercados mais exigentes &#8211; Foto: Divulga\u00e7\u00e3o<\/span><\/p><\/div>\n<\/p><\/div>\n<div class=\"section-description section-description-noticias mt-3\">\n<p>Em maio de 2025, o Brasil foi oficialmente reconhecido pela Organiza\u00e7\u00e3o Mundial de Sa\u00fade Animal (OMSA) como pa\u00eds livre de febre aftosa sem vacina\u00e7\u00e3o. A conquista, resultado de d\u00e9cadas de trabalho, representa um marco para a pecu\u00e1ria nacional. Segundo Carlos Cogo, S\u00f3cio Diretor da Cogo Intelig\u00eancia em Agroneg\u00f3cio, essa nova condi\u00e7\u00e3o sanit\u00e1ria traz ganhos expressivos ao setor produtivo, ampliando oportunidades comerciais e elevando o patamar do pa\u00eds no cen\u00e1rio internacional.&#13;\n<\/p>\n<p>Com o novo status, o Brasil passa a ter acesso a mercados mais exigentes \u2014 como Jap\u00e3o, Coreia do Sul, EUA e Uni\u00e3o Europeia \u2014 que at\u00e9 ent\u00e3o restringiam a compra de carnes frescas e com osso. Isso permite ao pa\u00eds negociar produtos de maior valor agregado, resultando em maior competitividade e valoriza\u00e7\u00e3o da carne brasileira. \u201cAumento na Competitividade e Valoriza\u00e7\u00e3o da Carne Brasileira: possibilidade de cobrar pre\u00e7os mais altos pela carne, dada a maior confian\u00e7a sanit\u00e1ria. Redu\u00e7\u00e3o dos custos diretos associados \u00e0 vacina\u00e7\u00e3o, log\u00edstica de campanhas e manejo sanit\u00e1rio\u201d, comenta.<\/p>\n<p>A cadeia do agroneg\u00f3cio tamb\u00e9m \u00e9 diretamente beneficiada. Cogo destaca que o fortalecimento da pecu\u00e1ria bovina gera impactos positivos em setores como gen\u00e9tica, nutri\u00e7\u00e3o animal, log\u00edstica e insumos veterin\u00e1rios, com gera\u00e7\u00e3o de empregos e aumento na arrecada\u00e7\u00e3o fiscal, sobretudo em regi\u00f5es com voca\u00e7\u00e3o pecu\u00e1ria. A conquista, segundo ele, \u201cconsolida o Brasil como refer\u00eancia mundial em vigil\u00e2ncia e controle sanit\u00e1rio. Aumenta a confian\u00e7a internacional na rastreabilidade e na seguran\u00e7a dos produtos agropecu\u00e1rios brasileiros\u201d.&#13;\n<\/p>\n<p>Contudo, o novo cen\u00e1rio exige vigil\u00e2ncia redobrada. H\u00e1 riscos em regi\u00f5es de fronteira com pa\u00edses que ainda registram circula\u00e7\u00e3o do v\u00edrus, o que demanda investimentos cont\u00ednuos em monitoramento, barreiras sanit\u00e1rias e respostas r\u00e1pidas. A responsabilidade aumentou, mas, como avalia Carlos Cogo, o pa\u00eds tem capacidade t\u00e9cnica e institucional para sustentar esse avan\u00e7o hist\u00f3rico.<br \/>&#13;<br \/>\n\u00a0<\/p>\n<\/p><\/div>\n<\/p><\/div>\n<p><script data-cfasync=\"false\">\n    !function (f, b, e, v, n, t, s) {\n        if (f.fbq) return; n = f.fbq = function () {\n            n.callMethod ?\n                n.callMethod.apply(n, arguments) : n.queue.push(arguments)\n        };\n        if (!f._fbq) f._fbq = n; n.push = n; n.loaded = !0; n.version = '2.0';\n        n.queue = []; t = b.createElement(e); t.async = !0;\n        t.src = v; s = b.getElementsByTagName(e)[0];\n        s.parentNode.insertBefore(t, s)\n    }(window, document, 'script',\n        'https:\/\/connect.facebook.net\/en_US\/fbevents.js');\n    fbq('init', '522546078623747');\n    fbq('track', 'PageView');\n<\/script><br \/>\n<br \/><br \/>\n<br \/><a href=\"https:\/\/www.agrolink.com.br\/noticias\/brasil-se-livra-da-aftosa-sem-vacinacao_502683.html\">Source link <\/a><\/p>\n","protected":false},"excerpt":{"rendered":"<p>&#13; Com o novo status, o Brasil passa a ter acesso a mercados mais exigentes&#13; &#13; Agrolink&#13; &#13; &#8211; Leonardo<\/p>\n","protected":false},"author":1,"featured_media":14728,"comment_status":"open","ping_status":"open","sticky":false,"template":"","format":"standard","meta":{"_monsterinsights_skip_tracking":false,"_monsterinsights_sitenote_active":false,"_monsterinsights_sitenote_note":"","_monsterinsights_sitenote_category":0,"_uf_show_specific_survey":0,"_uf_disable_surveys":false,"footnotes":""},"categories":[8,1,14],"tags":[],"class_list":["post-14727","post","type-post","status-publish","format-standard","has-post-thumbnail","hentry","category-agro","category-news","category-politica-agro"],"_links":{"self":[{"href":"https:\/\/agromt.news\/index.php?rest_route=\/wp\/v2\/posts\/14727"}],"collection":[{"href":"https:\/\/agromt.news\/index.php?rest_route=\/wp\/v2\/posts"}],"about":[{"href":"https:\/\/agromt.news\/index.php?rest_route=\/wp\/v2\/types\/post"}],"author":[{"embeddable":true,"href":"https:\/\/agromt.news\/index.php?rest_route=\/wp\/v2\/users\/1"}],"replies":[{"embeddable":true,"href":"https:\/\/agromt.news\/index.php?rest_route=%2Fwp%2Fv2%2Fcomments&post=14727"}],"version-history":[{"count":0,"href":"https:\/\/agromt.news\/index.php?rest_route=\/wp\/v2\/posts\/14727\/revisions"}],"wp:featuredmedia":[{"embeddable":true,"href":"https:\/\/agromt.news\/index.php?rest_route=\/wp\/v2\/media\/14728"}],"wp:attachment":[{"href":"https:\/\/agromt.news\/index.php?rest_route=%2Fwp%2Fv2%2Fmedia&parent=14727"}],"wp:term":[{"taxonomy":"category","embeddable":true,"href":"https:\/\/agromt.news\/index.php?rest_route=%2Fwp%2Fv2%2Fcategories&post=14727"},{"taxonomy":"post_tag","embeddable":true,"href":"https:\/\/agromt.news\/index.php?rest_route=%2Fwp%2Fv2%2Ftags&post=14727"}],"curies":[{"name":"wp","href":"https:\/\/api.w.org\/{rel}","templated":true}]}}