{"id":14725,"date":"2025-06-06T10:04:49","date_gmt":"2025-06-06T14:04:49","guid":{"rendered":"https:\/\/agromt.news\/?p=14725"},"modified":"2025-06-06T10:04:49","modified_gmt":"2025-06-06T14:04:49","slug":"uma-oportunidade-de-cooperacao-nao-de-confronto","status":"publish","type":"post","link":"https:\/\/agromt.news\/?p=14725","title":{"rendered":"uma oportunidade de coopera\u00e7\u00e3o, n\u00e3o de confronto"},"content":{"rendered":"<p> <br \/>\n<\/p>\n<div>\n<p>Em tempos de tens\u00f5es comerciais e incertezas geopol\u00edticas, a ratifica\u00e7\u00e3o do acordo entre a Uni\u00e3o Europeia e o <strong><a href=\"http:\/\/www.canalrural.com.br\/tag\/mercosul\/\">Mercosul <\/a><\/strong>surge como uma rara oportunidade de avan\u00e7o m\u00fatuo. Estive recentemente em meio a produtores rurais europeus, sobretudo franceses, que expressaram preocupa\u00e7\u00f5es leg\u00edtimas quanto \u00e0 abertura de seus mercados aos produtos sul-americanos. <\/p>\n<p>Quero, portanto, apresentar uma reflex\u00e3o serena, t\u00e9cnica e prospectiva: n\u00e3o h\u00e1 confronto inevit\u00e1vel entre nossos sistemas produtivos \u2014 h\u00e1, sim, uma complementaridade estrat\u00e9gica.<\/p>\n<p>O que o Mercosul tem a oferecer ao mercado europeu s\u00e3o, em sua maioria, commodities agr\u00edcolas com baixo valor agregado, como gr\u00e3os, carnes <em>in natura<\/em> e a\u00e7\u00facar. Esses produtos n\u00e3o competem diretamente com os alimentos industrializados e de alto valor agregado produzidos na Europa, muitos deles com identidade geogr\u00e1fica protegida, tradi\u00e7\u00e3o cultural e nichos de consumo consolidados. Pelo contr\u00e1rio: as commodities sul-americanas podem ser insumos para a sofisticada ind\u00fastria agroalimentar europeia, permitindo que produtores franceses, italianos, espanh\u00f3is e alem\u00e3es transformem soja, milho ou carnes em alimentos processados, ra\u00e7\u00e3o animal, cosm\u00e9ticos e bioprodutos com alto valor agregado e grande margem de comercializa\u00e7\u00e3o.<\/p>\n<p>Enquanto isso, a ind\u00fastria europeia, altamente desenvolvida em tecnologia, m\u00e1quinas, farmac\u00eauticos, produtos qu\u00edmicos e servi\u00e7os especializados, encontrar\u00e1 no Mercosul um mercado gigantesco, \u00e1vido por inova\u00e7\u00e3o e com baixa competitividade industrial. Ao contr\u00e1rio do que muitos temem, a Europa encontrar\u00e1 no bloco sul-americano um parceiro comercial complementar e n\u00e3o concorrente direto.<\/p>\n<\/div>\n<div>\n<p>Vale lembrar que o acordo trar\u00e1 avan\u00e7os concretos em termos de previsibilidade regulat\u00f3ria, prote\u00e7\u00e3o \u00e0 propriedade intelectual, coopera\u00e7\u00e3o ambiental e acesso a mercados p\u00fablicos \u2014 \u00e1reas em que a Uni\u00e3o Europeia det\u00e9m clara vantagem competitiva.<\/p>\n<p>Portanto, resistir ao acordo sob o argumento do protecionismo agr\u00edcola \u00e9 perder de vista o ganho sist\u00eamico da integra\u00e7\u00e3o comercial, tanto para a economia europeia quanto para a sul-americana. <\/p>\n<p>O Mercosul precisa da Europa, sim. Mas, sejamos francos: a Europa tamb\u00e9m precisa do Mercosul, especialmente diante de um mundo cada vez mais polarizado, com riscos crescentes de guerras comerciais e rupturas nas cadeias globais de suprimentos.<\/p>\n<p>\u00c9 hora de transformar desconfian\u00e7a em parceria e competi\u00e7\u00e3o em colabora\u00e7\u00e3o. O acordo UE-Mercosul \u00e9, acima de tudo, um instrumento de estabilidade, seguran\u00e7a e prosperidade m\u00fatua \u2014 e n\u00e3o um jogo de soma zero.<\/p>\n<div class=\"wp-block-media-text is-stacked-on-mobile\">\n<figure class=\"wp-block-media-text__media\"><img fetchpriority=\"high\" decoding=\"async\" width=\"683\" height=\"1024\" alt=\"Miguel Daoud\" class=\"wp-image-4095706 size-full\"  data-lazy- src=\"https:\/\/agromt.news\/wp-content\/uploads\/2025\/04\/Como-guerras-e-crises-moldaram-o-preco-das-commodities-nos.jpg\"\/><img decoding=\"async\" width=\"683\" height=\"1024\" src=\"https:\/\/agromt.news\/wp-content\/uploads\/2025\/04\/Como-guerras-e-crises-moldaram-o-preco-das-commodities-nos.jpg\" alt=\"Miguel Daoud\" class=\"wp-image-4095706 size-full\"  \/><\/figure>\n<div class=\"wp-block-media-text__content\">\n<p class=\"has-text-align-center\"><em><strong>Miguel Daoud<\/strong>\u00a0\u00e9 comentarista de Economia e Pol\u00edtica\u00a0do Canal Rural<\/em><\/p>\n<\/div>\n<\/div>\n<hr class=\"wp-block-separator has-alpha-channel-opacity\"\/>\n<p><em>O\u00a0<strong>Canal Rural<\/strong>\u00a0n\u00e3o se responsabiliza pelas opini\u00f5es e conceitos emitidos nos textos desta sess\u00e3o, sendo os conte\u00fados de inteira responsabilidade de seus autores. A empresa se reserva o direito de fazer ajustes no texto para adequa\u00e7\u00e3o \u00e0s normas de publica\u00e7\u00e3o.<\/em><\/p>\n<\/p><\/div>\n<p><br \/>\n<br \/><a href=\"https:\/\/www.canalrural.com.br\/opiniao-noticias\/acordo-ue-mercosul-uma-oportunidade-de-cooperacao-nao-de-confronto\/\">Source link <\/a><\/p>\n","protected":false},"excerpt":{"rendered":"<p>Em tempos de tens\u00f5es comerciais e incertezas geopol\u00edticas, a ratifica\u00e7\u00e3o do acordo entre a Uni\u00e3o Europeia e o Mercosul surge<\/p>\n","protected":false},"author":1,"featured_media":14726,"comment_status":"open","ping_status":"open","sticky":false,"template":"","format":"standard","meta":{"_monsterinsights_skip_tracking":false,"_monsterinsights_sitenote_active":false,"_monsterinsights_sitenote_note":"","_monsterinsights_sitenote_category":0,"_uf_show_specific_survey":0,"_uf_disable_surveys":false,"footnotes":""},"categories":[1],"tags":[],"class_list":["post-14725","post","type-post","status-publish","format-standard","has-post-thumbnail","hentry","category-news"],"_links":{"self":[{"href":"https:\/\/agromt.news\/index.php?rest_route=\/wp\/v2\/posts\/14725"}],"collection":[{"href":"https:\/\/agromt.news\/index.php?rest_route=\/wp\/v2\/posts"}],"about":[{"href":"https:\/\/agromt.news\/index.php?rest_route=\/wp\/v2\/types\/post"}],"author":[{"embeddable":true,"href":"https:\/\/agromt.news\/index.php?rest_route=\/wp\/v2\/users\/1"}],"replies":[{"embeddable":true,"href":"https:\/\/agromt.news\/index.php?rest_route=%2Fwp%2Fv2%2Fcomments&post=14725"}],"version-history":[{"count":0,"href":"https:\/\/agromt.news\/index.php?rest_route=\/wp\/v2\/posts\/14725\/revisions"}],"wp:featuredmedia":[{"embeddable":true,"href":"https:\/\/agromt.news\/index.php?rest_route=\/wp\/v2\/media\/14726"}],"wp:attachment":[{"href":"https:\/\/agromt.news\/index.php?rest_route=%2Fwp%2Fv2%2Fmedia&parent=14725"}],"wp:term":[{"taxonomy":"category","embeddable":true,"href":"https:\/\/agromt.news\/index.php?rest_route=%2Fwp%2Fv2%2Fcategories&post=14725"},{"taxonomy":"post_tag","embeddable":true,"href":"https:\/\/agromt.news\/index.php?rest_route=%2Fwp%2Fv2%2Ftags&post=14725"}],"curies":[{"name":"wp","href":"https:\/\/api.w.org\/{rel}","templated":true}]}}