{"id":14723,"date":"2025-06-06T09:49:51","date_gmt":"2025-06-06T13:49:51","guid":{"rendered":"https:\/\/agromt.news\/?p=14723"},"modified":"2025-06-06T09:49:51","modified_gmt":"2025-06-06T13:49:51","slug":"livre-da-aftosa-brasil-busca-acordo-com-japao-e-coreia-do-sul-diz-favaro-em-paris","status":"publish","type":"post","link":"https:\/\/agromt.news\/?p=14723","title":{"rendered":"Livre da aftosa, Brasil busca acordo com Jap\u00e3o e Coreia do Sul, diz F\u00e1varo em Paris"},"content":{"rendered":"<p> <br \/>\n<br \/><img decoding=\"async\" src=\"https:\/\/agromt.news\/wp-content\/uploads\/2025\/06\/Livre-da-aftosa-Brasil-busca-acordo-com-Japao-e-Coreia.jpg\" \/><\/p>\n<div>\n<p>O ministro da Agricultura, Carlos F\u00e1varo, disse nesta sexta-feiraa (6) em Paris que o certificado de pa\u00eds livre de aftosa \u2013 concedido ao Brasil pela Organiza\u00e7\u00e3o Mundial de Sa\u00fade Animal (OMSA) \u2013 vai facilitar a abertura de mercados para a carne bovina brasileira. \u201cLivre da aftosa, buscamos acordos com importantes mercados, como a Coreia do Sul e o <strong><a href=\"http:\/\/www.canalrural.com.br\/tag\/japao\/\">Jap\u00e3o<\/a><\/strong>\u201c, citou o ministro, acrescentando que os demais protocolos para ingressar nesses mercados j\u00e1 haviam sido cumpridos pelo pa\u00eds. <\/p>\n<p>O ministro destacou o trabalho do governo na abertura de mercados, o que contribuiu para o agroneg\u00f3cio colaborar de forma significativa para o crescimento econ\u00f4mico obtido nos \u00faltimos anos. <\/p>\n<p>Sobre o acordo entre Uni\u00e3o Europeia e Mercosul, F\u00e1varo lembrou que o bloco europeu sempre fez exig\u00eancias dur\u00edssimas em termos sociais, econ\u00f4micos e ambientais ao Brasil. <\/p>\n<\/div>\n<div>\n<p>\u201cSuperamos tudo isso e causamos at\u00e9 medo pelo nosso potencial produtivo. Entendo, de certa forma, a posi\u00e7\u00e3o do presidente franc\u00eas, Emmanuel Macron, de proteger o mercado local. Mas a Fran\u00e7a sozinha n\u00e3o vai conseguir barrar o acordo Mercosul-UE\u201d. <\/p>\n<p>F\u00e1varo disse ainda que o presidente Lula fez deu um passo significativo em busca desse acordo. \u201cO Brasil n\u00e3o tem restri\u00e7\u00e3o a produtos agropecu\u00e1rios de nenhum lugar do mundo. O que queremos \u00e9 reciprocidade\u201d, disse o ministro. <\/p>\n<p>Em rela\u00e7\u00e3o \u00e0s exig\u00eancias impostas em termos de desmatamento, F\u00e1varo afirmou que o pa\u00eds n\u00e3o tem nenhum problema em debater e combater o desmatamento. Acrescentou que o c\u00f3digo ambiental do pa\u00eds \u00e9 um dos mais restritivos do mundo. <\/p>\n<p>\u201cMas n\u00e3o aceitaremos que um parlamento de fora imponha restri\u00e7\u00f5es ao Brasil. Estamos abertos para atestar as boas regras ambientais, mas n\u00e3o aceitaremos interfer\u00eancia na soberania nacional\u201d, disse.<\/p>\n<\/p><\/div>\n<p><br \/>\n<br \/><a href=\"https:\/\/www.canalrural.com.br\/pecuaria\/livre-da-aftosa-brasil-busca-acordo-com-japao-e-coreia-do-sul-diz-favaro-em-paris\/\">Source link <\/a><\/p>\n","protected":false},"excerpt":{"rendered":"<p>O ministro da Agricultura, Carlos F\u00e1varo, disse nesta sexta-feiraa (6) em Paris que o certificado de pa\u00eds livre de aftosa<\/p>\n","protected":false},"author":1,"featured_media":14724,"comment_status":"open","ping_status":"open","sticky":false,"template":"","format":"standard","meta":{"_monsterinsights_skip_tracking":false,"_monsterinsights_sitenote_active":false,"_monsterinsights_sitenote_note":"","_monsterinsights_sitenote_category":0,"_uf_show_specific_survey":0,"_uf_disable_surveys":false,"footnotes":""},"categories":[1],"tags":[],"class_list":["post-14723","post","type-post","status-publish","format-standard","has-post-thumbnail","hentry","category-news"],"_links":{"self":[{"href":"https:\/\/agromt.news\/index.php?rest_route=\/wp\/v2\/posts\/14723"}],"collection":[{"href":"https:\/\/agromt.news\/index.php?rest_route=\/wp\/v2\/posts"}],"about":[{"href":"https:\/\/agromt.news\/index.php?rest_route=\/wp\/v2\/types\/post"}],"author":[{"embeddable":true,"href":"https:\/\/agromt.news\/index.php?rest_route=\/wp\/v2\/users\/1"}],"replies":[{"embeddable":true,"href":"https:\/\/agromt.news\/index.php?rest_route=%2Fwp%2Fv2%2Fcomments&post=14723"}],"version-history":[{"count":0,"href":"https:\/\/agromt.news\/index.php?rest_route=\/wp\/v2\/posts\/14723\/revisions"}],"wp:featuredmedia":[{"embeddable":true,"href":"https:\/\/agromt.news\/index.php?rest_route=\/wp\/v2\/media\/14724"}],"wp:attachment":[{"href":"https:\/\/agromt.news\/index.php?rest_route=%2Fwp%2Fv2%2Fmedia&parent=14723"}],"wp:term":[{"taxonomy":"category","embeddable":true,"href":"https:\/\/agromt.news\/index.php?rest_route=%2Fwp%2Fv2%2Fcategories&post=14723"},{"taxonomy":"post_tag","embeddable":true,"href":"https:\/\/agromt.news\/index.php?rest_route=%2Fwp%2Fv2%2Ftags&post=14723"}],"curies":[{"name":"wp","href":"https:\/\/api.w.org\/{rel}","templated":true}]}}