{"id":14721,"date":"2025-06-06T09:12:12","date_gmt":"2025-06-06T13:12:12","guid":{"rendered":"https:\/\/agromt.news\/?p=14721"},"modified":"2025-06-06T09:12:12","modified_gmt":"2025-06-06T13:12:12","slug":"manga-cepea-mais-do-mesmo-precos-avancam-no-semiarido-nordestino-e-oferta","status":"publish","type":"post","link":"https:\/\/agromt.news\/?p=14721","title":{"rendered":"Manga\/Cepea: Mais do mesmo: pre\u00e7os avan\u00e7am no Semi\u00e1rido nordestino e oferta&#8230;"},"content":{"rendered":"<p> <br \/>\n<\/p>\n<div>\n<p>Ao menos at\u00e9 o final do semestre cota\u00e7\u00f5es dever\u00e3o ser atrativas<\/p>\n<div class=\"materia\">\n<p>Por mais uma semana, as cota\u00e7\u00f5es da manga nas pra\u00e7as do Semin\u00e1rio nordestino registraram novos aumentos, consequ\u00eancia da perman\u00eancia de baixa oferta na regi\u00e3o. De fato, nesta semana (12 a 16\/05), no Vale do S\u00e3o Francisco (PE\/BA), a palmer foi comercializada a R$ 3,27\/kg, leve alta de 3%, indicando o s\u00e9timo aumento consecutivo. \u00a0Do mesmo modo, a tommy registrou o sexto avan\u00e7o no Vale, sendo cotada a R$ 4,20\/kg, incremento de 16%. \u00a0Em Livramento de Nossa Senhora (BA), a palmer, variedade predominante na regi\u00e3o, seguiu a mesma tend\u00eancia, sendo vendida a cerca de R$ 3,36\/kg, 12% maior.\u00a0<\/p>\n<p>O cen\u00e1rio de restri\u00e7\u00e3o de oferta j\u00e1 era esperado para o per\u00edodo, uma vez que as floradas referentes \u00e0s colheitas atuais foram impactadas por ondas de calor que atingem o Semi\u00e1rido desde o final de 2024, o que tem limitado a produtividade ao longo desse ano. Apesar disso, j\u00e1 h\u00e1 sinais de revers\u00e3o desse quadro \u00e0 medida que o segundo semestre se aproxima e as condi\u00e7\u00f5es clim\u00e1ticas se tornam mais favor\u00e1veis \u00e0 produ\u00e7\u00e3o. At\u00e9 l\u00e1, ainda \u00e9 esperada uma oferta reduzida em todas as principais regi\u00f5es produtoras, o que poder\u00e1 manter a tend\u00eancia de alta nos pre\u00e7os, tanto no mercado interno quanto nas exporta\u00e7\u00f5es.<\/p>\n<\/p><\/div>\n<div class=\"grupo-whatsapp\">\n      J\u00e1 segue nosso Canal oficial no WhatsApp? <a href=\"https:\/\/bit.ly\/Canal_NA\" target=\"_blank\" rel=\"noopener\"><strong>Clique Aqui<\/strong><\/a> para receber em primeira m\u00e3o as principais not\u00edcias do agroneg\u00f3cio\n    <\/div>\n<\/p><\/div>\n<p><script async defer src=\"https:\/\/connect.facebook.net\/en_US\/sdk.js\" type=\"77c630638d6511a06719e350-text\/javascript\"><\/script><script type=\"77c630638d6511a06719e350-text\/javascript\">\n  !function(f,b,e,v,n,t,s)\n  {if(f.fbq)return;n=f.fbq=function(){n.callMethod?\n    n.callMethod.apply(n,arguments):n.queue.push(arguments)};\n    if(!f._fbq)f._fbq=n;n.push=n;n.loaded=!0;n.version='2.0';\n    n.queue=[];t=b.createElement(e);t.async=!0;\n    t.src=v;s=b.getElementsByTagName(e)[0];\n    s.parentNode.insertBefore(t,s)}(window, document,'script',\n    'https:\/\/connect.facebook.net\/en_US\/fbevents.js');\n  fbq('init', '153495679422335');\n  fbq('track', 'PageView');\n<\/script><br \/>\n<br \/><br \/>\n<br \/><a href=\"https:\/\/www.noticiasagricolas.com.br\/noticias\/hortifruti\/400647-manga-cepea-mais-do-mesmo-precos-avancam-no-semiarido-nordestino-e-oferta-se-retrai.html\">Source link <\/a><\/p>\n","protected":false},"excerpt":{"rendered":"<p>Ao menos at\u00e9 o final do semestre cota\u00e7\u00f5es dever\u00e3o ser atrativas Por mais uma semana, as cota\u00e7\u00f5es da manga nas<\/p>\n","protected":false},"author":1,"featured_media":14722,"comment_status":"open","ping_status":"open","sticky":false,"template":"","format":"standard","meta":{"_monsterinsights_skip_tracking":false,"_monsterinsights_sitenote_active":false,"_monsterinsights_sitenote_note":"","_monsterinsights_sitenote_category":0,"_uf_show_specific_survey":0,"_uf_disable_surveys":false,"footnotes":""},"categories":[8,1,14,16],"tags":[],"class_list":["post-14721","post","type-post","status-publish","format-standard","has-post-thumbnail","hentry","category-agro","category-news","category-politica-agro","category-safra"],"_links":{"self":[{"href":"https:\/\/agromt.news\/index.php?rest_route=\/wp\/v2\/posts\/14721"}],"collection":[{"href":"https:\/\/agromt.news\/index.php?rest_route=\/wp\/v2\/posts"}],"about":[{"href":"https:\/\/agromt.news\/index.php?rest_route=\/wp\/v2\/types\/post"}],"author":[{"embeddable":true,"href":"https:\/\/agromt.news\/index.php?rest_route=\/wp\/v2\/users\/1"}],"replies":[{"embeddable":true,"href":"https:\/\/agromt.news\/index.php?rest_route=%2Fwp%2Fv2%2Fcomments&post=14721"}],"version-history":[{"count":0,"href":"https:\/\/agromt.news\/index.php?rest_route=\/wp\/v2\/posts\/14721\/revisions"}],"wp:featuredmedia":[{"embeddable":true,"href":"https:\/\/agromt.news\/index.php?rest_route=\/wp\/v2\/media\/14722"}],"wp:attachment":[{"href":"https:\/\/agromt.news\/index.php?rest_route=%2Fwp%2Fv2%2Fmedia&parent=14721"}],"wp:term":[{"taxonomy":"category","embeddable":true,"href":"https:\/\/agromt.news\/index.php?rest_route=%2Fwp%2Fv2%2Fcategories&post=14721"},{"taxonomy":"post_tag","embeddable":true,"href":"https:\/\/agromt.news\/index.php?rest_route=%2Fwp%2Fv2%2Ftags&post=14721"}],"curies":[{"name":"wp","href":"https:\/\/api.w.org\/{rel}","templated":true}]}}