{"id":14709,"date":"2025-06-06T02:48:44","date_gmt":"2025-06-06T06:48:44","guid":{"rendered":"https:\/\/agromt.news\/?p=14709"},"modified":"2025-06-06T02:48:44","modified_gmt":"2025-06-06T06:48:44","slug":"colheita-e-clima-favoravel-pressionam-os-precos-do-cafe","status":"publish","type":"post","link":"https:\/\/agromt.news\/?p=14709","title":{"rendered":"Colheita e clima favor\u00e1vel pressionam os pre\u00e7os do caf\u00e9"},"content":{"rendered":"<p> <br \/>\n<\/p>\n<div>\n<div class=\"row\">\n<div class=\"col-lg col-infos mt-0 mt-lg-0\">\n<div class=\"section-sub-title\">\n<p itemprop=\"description\">&#13;<br \/>\n                                 As chuvas, que se estenderam at\u00e9 abril, contrastam com o cen\u00e1rio seco do ano passado&#13;\n                            <\/p>\n<\/p><\/div>\n<div class=\"container\">\n<div class=\"row\">\n<div class=\"col-lg p-0\">\n<div>\n<div class=\"block-news-main-infos mt-3 text-start\">\n<p>                                            <strong class=\"fn\" itemprop=\"author\" style=\"color: rgb(112, 112, 112); \">&#13;<br \/>\n                                                <a href=\"https:\/\/www.agrolink.com.br\/noticias\/javascript:;\" class=\"text-uppercase\" target=\"_blank\" style=\"color: rgb(112, 112, 112); \" rel=\"noopener\">Agrolink<\/a>&#13;<br \/>\n&#13;<br \/>\n                                                    &#8211; Leonardo Gottems&#13;<br \/>\n&#13;<br \/>\n                                            <\/strong><br \/>\n                                        <\/p>\n<p>                                            <abbr><time datetime=\"2025-06-05T09:39\" itemprop=\"datePublished dateModified\">Publicado em 05\/06\/2025 \u00e0s 09:39h.<\/time><\/abbr><br \/>\n                                            <\/p><\/div>\n<\/p><\/div>\n<\/p><\/div>\n<div class=\"col-lg p-0 text-lg-end\">\n<div>\n<div id=\"mdEnviarPagina\" class=\"modal fade\" role=\"dialog\">\n<div class=\"modal-dialog\">\n<div class=\"modal-content\">\n<div class=\"modal-body\">\n<p><strong>Estimado usu\u00e1rio.<\/strong><br \/>Preencha o formul\u00e1rio abaixo para remeter a p\u00e1gina.<\/p>\n<\/p><\/div>\n<\/p><\/div>\n<\/p><\/div>\n<\/div><\/div>\n<\/p><\/div>\n<\/p><\/div>\n<\/p><\/div>\n<\/p><\/div>\n<\/p><\/div>\n<div class=\"row justify-content-md-center mt-3\">\n<div class=\"col-lg-auto col-image block-news-main-image\">\n<p>                                <img decoding=\"async\" src=\"https:\/\/www.agrolink.com.br\/upload\/imagens-resizes\/ab5883dee8c54efeab8d035a37d4e72b_858x483.jpg\" class=\"lazyload img-fluid\" alt=\" As chuvas, que se estenderam at\u00e9 abril, contrastam com o cen\u00e1rio seco do ano anterior\"\/><br \/>\n                                                <span class=\"d-block mt-1\"> As chuvas, que se estenderam at\u00e9 abril, contrastam com o cen\u00e1rio seco do ano anterior &#8211; Foto: Pixabay<\/span><\/p><\/div>\n<\/p><\/div>\n<div class=\"section-description section-description-noticias mt-3\">\n<p>O avan\u00e7o da colheita no Brasil, aliado ao clima favor\u00e1vel, vem pressionando para baixo os pre\u00e7os do caf\u00e9 ar\u00e1bica e robusta no mercado interno e externo, segundo an\u00e1lise do Ita\u00fa BBA com dados do Cepea. Al\u00e9m disso, houve uma melhora nas estimativas da safra 2025\/26, mesmo ap\u00f3s os efeitos do veranico registrado em fevereiro.&#13;\n<\/p>\n<p>Ap\u00f3s uma recupera\u00e7\u00e3o dos pre\u00e7os em abril, puxada pela posterga\u00e7\u00e3o do tarifa\u00e7o americano, o mercado voltou a registrar quedas em maio. Em Nova York, o contrato do ar\u00e1bica recuou de pouco mais de USD 4\/lp no fim de abril para USD 3,7\/lp em 21 de maio, queda de 10,5%. O robusta em Londres seguiu a mesma tend\u00eancia, negociado pr\u00f3ximo de USD 4,9 mil por tonelada. No Brasil, com o c\u00e2mbio relativamente est\u00e1vel em torno de R$ 5,65 por d\u00f3lar, os pre\u00e7os no mercado spot acompanharam o movimento internacional: o ar\u00e1bica est\u00e1 na faixa de R$ 2.500 por saca e o conilon em R$ 1.500.<\/p>\n<p>O in\u00edcio da colheita, aliado \u00e0s revis\u00f5es para cima nas proje\u00e7\u00f5es de safra \u2014 inclusive pela Conab \u2014 e \u00e0s boas condi\u00e7\u00f5es clim\u00e1ticas, contribui para uma perda de sustenta\u00e7\u00e3o dos pre\u00e7os. As chuvas, que se estenderam at\u00e9 abril, contrastam com o cen\u00e1rio seco do ano anterior, favorecendo as lavouras e abrindo perspectiva positiva para a safra 2026\/27, caso o clima continue colaborando.&#13;\n<\/p>\n<p>No campo das exporta\u00e7\u00f5es, os n\u00fameros seguem robustos. Segundo o Cecaf\u00e9, foram embarcadas 3,09 milh\u00f5es de sacas em abril. No acumulado de dez meses, o Brasil j\u00e1 soma 40 milh\u00f5es de sacas exportadas, indicando que o total do ano-safra pode superar as 44 milh\u00f5es estimadas pelo USDA. Esse desempenho levanta a possibilidade de que a safra anterior tenha sido maior do que se projetava inicialmente.<br \/>&#13;<br \/>\n\u00a0<\/p>\n<\/p><\/div>\n<\/p><\/div>\n<p><script data-cfasync=\"false\">\n    !function (f, b, e, v, n, t, s) {\n        if (f.fbq) return; n = f.fbq = function () {\n            n.callMethod ?\n                n.callMethod.apply(n, arguments) : n.queue.push(arguments)\n        };\n        if (!f._fbq) f._fbq = n; n.push = n; n.loaded = !0; n.version = '2.0';\n        n.queue = []; t = b.createElement(e); t.async = !0;\n        t.src = v; s = b.getElementsByTagName(e)[0];\n        s.parentNode.insertBefore(t, s)\n    }(window, document, 'script',\n        'https:\/\/connect.facebook.net\/en_US\/fbevents.js');\n    fbq('init', '522546078623747');\n    fbq('track', 'PageView');\n<\/script><br \/>\n<br \/><br \/>\n<br \/><a href=\"https:\/\/www.agrolink.com.br\/noticias\/colheita-e-clima-favoravel-pressionam-os-precos-do-cafe_502639.html\">Source link <\/a><\/p>\n","protected":false},"excerpt":{"rendered":"<p>&#13; As chuvas, que se estenderam at\u00e9 abril, contrastam com o cen\u00e1rio seco do ano passado&#13; &#13; Agrolink&#13; &#13; &#8211;<\/p>\n","protected":false},"author":1,"featured_media":14710,"comment_status":"open","ping_status":"open","sticky":false,"template":"","format":"standard","meta":{"_monsterinsights_skip_tracking":false,"_monsterinsights_sitenote_active":false,"_monsterinsights_sitenote_note":"","_monsterinsights_sitenote_category":0,"_uf_show_specific_survey":0,"_uf_disable_surveys":false,"footnotes":""},"categories":[8,1,14],"tags":[],"class_list":["post-14709","post","type-post","status-publish","format-standard","has-post-thumbnail","hentry","category-agro","category-news","category-politica-agro"],"_links":{"self":[{"href":"https:\/\/agromt.news\/index.php?rest_route=\/wp\/v2\/posts\/14709"}],"collection":[{"href":"https:\/\/agromt.news\/index.php?rest_route=\/wp\/v2\/posts"}],"about":[{"href":"https:\/\/agromt.news\/index.php?rest_route=\/wp\/v2\/types\/post"}],"author":[{"embeddable":true,"href":"https:\/\/agromt.news\/index.php?rest_route=\/wp\/v2\/users\/1"}],"replies":[{"embeddable":true,"href":"https:\/\/agromt.news\/index.php?rest_route=%2Fwp%2Fv2%2Fcomments&post=14709"}],"version-history":[{"count":0,"href":"https:\/\/agromt.news\/index.php?rest_route=\/wp\/v2\/posts\/14709\/revisions"}],"wp:featuredmedia":[{"embeddable":true,"href":"https:\/\/agromt.news\/index.php?rest_route=\/wp\/v2\/media\/14710"}],"wp:attachment":[{"href":"https:\/\/agromt.news\/index.php?rest_route=%2Fwp%2Fv2%2Fmedia&parent=14709"}],"wp:term":[{"taxonomy":"category","embeddable":true,"href":"https:\/\/agromt.news\/index.php?rest_route=%2Fwp%2Fv2%2Fcategories&post=14709"},{"taxonomy":"post_tag","embeddable":true,"href":"https:\/\/agromt.news\/index.php?rest_route=%2Fwp%2Fv2%2Ftags&post=14709"}],"curies":[{"name":"wp","href":"https:\/\/api.w.org\/{rel}","templated":true}]}}