{"id":14700,"date":"2025-06-05T19:45:18","date_gmt":"2025-06-05T23:45:18","guid":{"rendered":"https:\/\/agromt.news\/?p=14700"},"modified":"2025-06-05T19:45:18","modified_gmt":"2025-06-05T23:45:18","slug":"tropa-de-100-cavaleiros-inaugura-maior-evento-de-cultura-agro-do-mundo","status":"publish","type":"post","link":"https:\/\/agromt.news\/?p=14700","title":{"rendered":"Tropa de 100 cavaleiros inaugura maior evento de cultura agro do mundo"},"content":{"rendered":"<p> <br \/>\n<br \/><img decoding=\"async\" src=\"https:\/\/agromt.news\/wp-content\/uploads\/2025\/06\/Tropa-de-100-cavaleiros-inaugura-maior-evento-de-cultura-agro.jpg\" \/><\/p>\n<div>\n<p>Uma tropa com mais de 100 cavaleiros desfilou nas ruas da maior metr\u00f3pole da Am\u00e9rica Latina. Foi com esse ato simb\u00f3lico e que estreita de uma vez por todas a rela\u00e7\u00e3o entre campo e cidade que a segunda edi\u00e7\u00e3o do <em>Global Agribusiness Festival<\/em> (GAFFFF), em S\u00e3o Paulo, foi oificialmente aberta.<\/p>\n<p>Os equinos, comandados por produtores e produtoras rurais, marcharam do Parque da \u00c1gua Branca at\u00e9 o Allianz Parque, est\u00e1dio de futebol do Palmeiras, onde o evento acontece at\u00e9 esta sexta-feira (6) e tem como objetivo levar a cultura agro \u00e0 cidade. <\/p>\n<p><iframe title=\"Abertura do GAFFFF: evento que come\u00e7ou hoje em S\u00e3o Paulo destaca cultura agro\" width=\"800\" height=\"450\" src=\"https:\/\/www.youtube.com\/embed\/178kQja-rFY?feature=oembed\" frameborder=\"0\" allow=\"accelerometer; autoplay; clipboard-write; encrypted-media; gyroscope; picture-in-picture; web-share\" referrerpolicy=\"strict-origin-when-cross-origin\" allowfullscreen><\/iframe><noscript><iframe title=\"Abertura do GAFFFF: evento que come\u00e7ou hoje em S\u00e3o Paulo destaca cultura agro\" width=\"800\" height=\"450\" src=\"https:\/\/www.youtube.com\/embed\/178kQja-rFY?feature=oembed\" frameborder=\"0\" allow=\"accelerometer; autoplay; clipboard-write; encrypted-media; gyroscope; picture-in-picture; web-share\" referrerpolicy=\"strict-origin-when-cross-origin\" allowfullscreen><\/iframe><\/noscript><\/p>\n<p>A ocasi\u00e3o \u00e9 representada por quatro \u201cFs\u201d, que simbolizam conte\u00fado, feira de neg\u00f3cios, gastronomia e entretenimento (<strong>f<\/strong>orum, <strong>f<\/strong>air, <strong>f<\/strong>ood, <strong>f<\/strong>un, em ingl\u00eas).  para iniciar palcos de palestras com temas centrais ao setor, al\u00e9m de muita comida da fazenda e cultura agro.<\/p>\n<p>\u201cO sentimento da cavalgada \u00e9 \u00fanico. Quando vimos aquela centena de homens e mulheres do campo aqui na capital de S\u00e3o Paulo, na selva de concreto, mostrando o que \u00e9 o agroneg\u00f3cio, orgulho dos produtores rurais, orgulho de quem planta, de quem colhe, de quem trabalha na ro\u00e7a e tem a m\u00e3o calejada, a pele marcada pelo sol, foi um sentimento \u00fanico\u201d, ressaltou o secretario de Agricultura do Estado de S\u00e3o Paulo, Guilherme Piai.<\/p>\n<\/div>\n<div>\n<p>Para ele, a iniciativa deve crescer em 2026. \u201cQueremos que tenha, no m\u00ednimo, 300 cavalos no ano que vem para a gente que tudo o que a cidade tem, come e veste vem do produtor rural.\u201d<\/p>\n<p>Um dos pontos mais visitados pelo p\u00fablico foi a Arena de Fogo, que conta com chefes e assadores profissionais. O espa\u00e7o promove aulas para que o visitante leve para casa os ensinamentos dos mestres churrasqueiros, al\u00e9m de fornecer ao p\u00fablico op\u00e7\u00f5es de comida.<\/p>\n<p>A programa\u00e7\u00e3o completa conta com mais de 90 horas de conte\u00fado e mais de 200 palestrantes. A diretora-executiva do <strong><a href=\"https:\/\/www.canalrural.com.br\/\">Canal Rural<\/a><\/strong>, Jaqueline Silva, comandou uma das atra\u00e7\u00f5es do primeiro dia do evento. <\/p>\n<p>\u201cFoi um prazer poder mediar esse painel, mostrando um pouco do que o agro tem para o p\u00fablico final, porque estar dentro do Allianz \u00e9 exatamente isso: fazer essa conex\u00e3o do campo com a cidade e trazer o tema pastagens degradadas, que \u00e9 t\u00e3o distante do nosso p\u00fablico final, \u00e9 muito importante. Ent\u00e3o, foi uma honra poder representar o Canal Rural e falar desse agro sustent\u00e1vel que j\u00e1 acontece para que a Faria Lima [centro financeiro de S\u00e3o Paulo], conhe\u00e7a mais o nosso setor\u201d, ressaltou.<\/p>\n<\/p><\/div>\n<p><br \/>\n<br \/><a href=\"https:\/\/www.canalrural.com.br\/entretenimento\/tropa-de-100-cavaleiros-inaugura-maior-evento-de-cultura-agro-do-mundo\/\">Source link <\/a><\/p>\n","protected":false},"excerpt":{"rendered":"<p>Uma tropa com mais de 100 cavaleiros desfilou nas ruas da maior metr\u00f3pole da Am\u00e9rica Latina. Foi com esse ato<\/p>\n","protected":false},"author":1,"featured_media":14701,"comment_status":"open","ping_status":"open","sticky":false,"template":"","format":"standard","meta":{"_monsterinsights_skip_tracking":false,"_monsterinsights_sitenote_active":false,"_monsterinsights_sitenote_note":"","_monsterinsights_sitenote_category":0,"_uf_show_specific_survey":0,"_uf_disable_surveys":false,"footnotes":""},"categories":[1],"tags":[],"class_list":["post-14700","post","type-post","status-publish","format-standard","has-post-thumbnail","hentry","category-news"],"_links":{"self":[{"href":"https:\/\/agromt.news\/index.php?rest_route=\/wp\/v2\/posts\/14700"}],"collection":[{"href":"https:\/\/agromt.news\/index.php?rest_route=\/wp\/v2\/posts"}],"about":[{"href":"https:\/\/agromt.news\/index.php?rest_route=\/wp\/v2\/types\/post"}],"author":[{"embeddable":true,"href":"https:\/\/agromt.news\/index.php?rest_route=\/wp\/v2\/users\/1"}],"replies":[{"embeddable":true,"href":"https:\/\/agromt.news\/index.php?rest_route=%2Fwp%2Fv2%2Fcomments&post=14700"}],"version-history":[{"count":0,"href":"https:\/\/agromt.news\/index.php?rest_route=\/wp\/v2\/posts\/14700\/revisions"}],"wp:featuredmedia":[{"embeddable":true,"href":"https:\/\/agromt.news\/index.php?rest_route=\/wp\/v2\/media\/14701"}],"wp:attachment":[{"href":"https:\/\/agromt.news\/index.php?rest_route=%2Fwp%2Fv2%2Fmedia&parent=14700"}],"wp:term":[{"taxonomy":"category","embeddable":true,"href":"https:\/\/agromt.news\/index.php?rest_route=%2Fwp%2Fv2%2Fcategories&post=14700"},{"taxonomy":"post_tag","embeddable":true,"href":"https:\/\/agromt.news\/index.php?rest_route=%2Fwp%2Fv2%2Ftags&post=14700"}],"curies":[{"name":"wp","href":"https:\/\/api.w.org\/{rel}","templated":true}]}}