{"id":1470,"date":"2024-09-12T12:37:46","date_gmt":"2024-09-12T16:37:46","guid":{"rendered":"https:\/\/agromt.news\/?p=1470"},"modified":"2024-09-12T12:37:46","modified_gmt":"2024-09-12T16:37:46","slug":"inflacao-provocada-por-seca-nao-se-resolve-com-juros-diz-haddad","status":"publish","type":"post","link":"https:\/\/agromt.news\/?p=1470","title":{"rendered":"Infla\u00e7\u00e3o provocada por seca n\u00e3o se resolve com juros, diz Haddad"},"content":{"rendered":"<p> <br \/>\n<\/p>\n<div>\n<p>A infla\u00e7\u00e3o dos alimentos provocada pelo prolongamento da seca preocupa \u201c<em>um pouquinho<\/em>\u201d, disse nesta quarta-feira (11) o ministro da Fazenda, <strong>Fernando Haddad<\/strong>. Apesar dos efeitos sobre os pre\u00e7os, ele disse que o problema n\u00e3o pode ser enfrentado por meio do aumento de juros pelo <strong><a href=\"https:\/\/www.canalrural.com.br\/tag\/banco-central\/\">Banco Central (BC)<\/a><\/strong>.<img decoding=\"async\" src=\"https:\/\/agromt.news\/wp-content\/uploads\/2024\/09\/Inflacao-provocada-por-seca-nao-se-resolve-com-juros-diz.png\"\/><img decoding=\"async\" src=\"https:\/\/agromt.news\/wp-content\/uploads\/2024\/09\/Inflacao-provocada-por-seca-nao-se-resolve-com-juros-diz.png\"\/><img decoding=\"async\" src=\"https:\/\/agromt.news\/wp-content\/uploads\/2024\/09\/Inflacao-provocada-por-seca-nao-se-resolve-com-juros-diz.gif\"\/><img decoding=\"async\" src=\"https:\/\/agromt.news\/wp-content\/uploads\/2024\/09\/Inflacao-provocada-por-seca-nao-se-resolve-com-juros-diz.gif\"\/><\/p>\n<p><em>Confira na palma da m\u00e3o informa\u00e7\u00f5es quentes sobre agricultura, pecu\u00e1ria, economia e previs\u00e3o do tempo:<\/em><a href=\"https:\/\/www.whatsapp.com\/channel\/0029Va9VnZxGk1FplZjiW43k\"><em> <\/em><strong>siga o Canal Rural no WhatsApp<\/strong><\/a>!<\/p>\n<p>\u201c<em>A infla\u00e7\u00e3o preocupa um pouquinho, sobretudo em virtude do clima. Estamos acompanhando a evolu\u00e7\u00e3o da quest\u00e3o clim\u00e1tica, o efeito do clima sobre o pre\u00e7o do alimento e eventualmente sobre o pre\u00e7o de energia faz a gente se preocupar um pouco com isso. Mas a infla\u00e7\u00e3o advinda desse fen\u00f4meno n\u00e3o se resolve com juros. Juros s\u00e3o outra coisa<\/em>\u201d, disse Haddad no Minist\u00e9rio da Fazenda.<\/p>\n<\/div>\n<div>\n<p>Na pr\u00f3xima semana, o Comit\u00ea de Pol\u00edtica Monet\u00e1ria (Copom) do Banco Central (BC) re\u00fane-se para definir a Taxa Selic (juros b\u00e1sicos da economia). Atualmente, em 10,5% ao ano, ela pode ser elevada para conter as press\u00f5es inflacion\u00e1rias provocadas pela alta do d\u00f3lar nos \u00faltimos meses e pelo aquecimento do mercado de trabalho.<\/p>\n<p>Segundo o boletim Focus, pesquisa semanal com institui\u00e7\u00f5es financeiras divulgada pelo Banco Central (BC), os analistas de mercado projetam eleva\u00e7\u00e3o de 0,25 na Selic na pr\u00f3xima reuni\u00e3o, nos dias 17 e 18. Eles preveem que a taxa encerrar\u00e1 o ano em 11,25% ao ano.<\/p>\n<p>\u201c<em>O Banco Central est\u00e1 com um quadro t\u00e9cnico bastante consistente para tomar a melhor decis\u00e3o, e n\u00f3s vamos aguardar o Copom da semana que vem<\/em>\u201d, disse Haddad. Essa ser\u00e1 a primeira reuni\u00e3o do Copom ap\u00f3s a indica\u00e7\u00e3o de Gabriel Gal\u00edpolo para a presid\u00eancia do Banco Central no pr\u00f3ximo ano.<\/p>\n<p>A divulga\u00e7\u00e3o de que a infla\u00e7\u00e3o oficial pelo \u00cdndice Nacional de Pre\u00e7os ao Consumidor Amplo (IPCA)\u00a0ficou negativa em 0,02% em agosto\u00a0reduziu as press\u00f5es para que o Copom promovesse um reajuste maior, de 0,5 ponto percentual na pr\u00f3xima reuni\u00e3o. O \u00edndice registrou a primeira defla\u00e7\u00e3o desde junho do ano passado, motivado principalmente pela queda no pre\u00e7o da energia, mas a expectativa \u00e9 que a bandeira vermelha na conta de luz impacte a infla\u00e7\u00e3o nos pr\u00f3ximos meses.<\/p>\n<h2 class=\"wp-block-heading\" id=\"h-pib\">PIB<\/h2>\n<p>Em rela\u00e7\u00e3o ao crescimento da economia, Haddad disse que o Minist\u00e9rio da Fazenda deve elevar para acima de 3% a proje\u00e7\u00e3o para o Produto Interno Bruto (PIB, soma das riquezas produzidas) em 2024. \u201c<em>Estamos fechando a grade e devemos divulgar essa semana, mas acredito que o piso de 3% j\u00e1 est\u00e1 basicamente contratado, bastante consistente e com impacto na economia<\/em>\u201d, declarou o ministro.<\/p>\n<p>Na semana passada, o Instituto Brasileiro de Geografia e Estat\u00edstica (IBGE) divulgou que o\u00a0PIB avan\u00e7ou 1,4% no segundo trimestre\u00a0em rela\u00e7\u00e3o ao trimestre anterior. Na compara\u00e7\u00e3o com o mesmo trimestre de 2023, o crescimento chega a 3,3%. O resultado veio\u00a0acima do esperado pelo mercado.<\/p>\n<\/div>\n<p><br \/>\n<br \/><a href=\"https:\/\/www.canalrural.com.br\/economia\/inflacao-provocada-por-seca-nao-se-resolve-com-juros-diz-haddad\/\">Source link <\/a><\/p>\n","protected":false},"excerpt":{"rendered":"<p>A infla\u00e7\u00e3o dos alimentos provocada pelo prolongamento da seca preocupa \u201cum pouquinho\u201d, disse nesta quarta-feira (11) o ministro da Fazenda,<\/p>\n","protected":false},"author":1,"featured_media":1471,"comment_status":"open","ping_status":"open","sticky":false,"template":"","format":"standard","meta":{"_monsterinsights_skip_tracking":false,"_monsterinsights_sitenote_active":false,"_monsterinsights_sitenote_note":"","_monsterinsights_sitenote_category":0,"_uf_show_specific_survey":0,"_uf_disable_surveys":false,"footnotes":""},"categories":[1],"tags":[],"class_list":["post-1470","post","type-post","status-publish","format-standard","has-post-thumbnail","hentry","category-news"],"_links":{"self":[{"href":"https:\/\/agromt.news\/index.php?rest_route=\/wp\/v2\/posts\/1470"}],"collection":[{"href":"https:\/\/agromt.news\/index.php?rest_route=\/wp\/v2\/posts"}],"about":[{"href":"https:\/\/agromt.news\/index.php?rest_route=\/wp\/v2\/types\/post"}],"author":[{"embeddable":true,"href":"https:\/\/agromt.news\/index.php?rest_route=\/wp\/v2\/users\/1"}],"replies":[{"embeddable":true,"href":"https:\/\/agromt.news\/index.php?rest_route=%2Fwp%2Fv2%2Fcomments&post=1470"}],"version-history":[{"count":0,"href":"https:\/\/agromt.news\/index.php?rest_route=\/wp\/v2\/posts\/1470\/revisions"}],"wp:featuredmedia":[{"embeddable":true,"href":"https:\/\/agromt.news\/index.php?rest_route=\/wp\/v2\/media\/1471"}],"wp:attachment":[{"href":"https:\/\/agromt.news\/index.php?rest_route=%2Fwp%2Fv2%2Fmedia&parent=1470"}],"wp:term":[{"taxonomy":"category","embeddable":true,"href":"https:\/\/agromt.news\/index.php?rest_route=%2Fwp%2Fv2%2Fcategories&post=1470"},{"taxonomy":"post_tag","embeddable":true,"href":"https:\/\/agromt.news\/index.php?rest_route=%2Fwp%2Fv2%2Ftags&post=1470"}],"curies":[{"name":"wp","href":"https:\/\/api.w.org\/{rel}","templated":true}]}}