{"id":14697,"date":"2025-06-05T19:03:46","date_gmt":"2025-06-05T23:03:46","guid":{"rendered":"https:\/\/agromt.news\/?p=14697"},"modified":"2025-06-05T19:03:46","modified_gmt":"2025-06-05T23:03:46","slug":"solucoes-eficazes-contra-pragas-e-doencas-dos-citros","status":"publish","type":"post","link":"https:\/\/agromt.news\/?p=14697","title":{"rendered":"Solu\u00e7\u00f5es eficazes contra pragas e doen\u00e7as dos citros"},"content":{"rendered":"<p> <br \/>\n<\/p>\n<div>\n<div class=\"row\">\n<div class=\"col-lg col-infos mt-0 mt-lg-0\">\n<div class=\"section-sub-title\">\n<p itemprop=\"description\">&#13;<br \/>\n                                Produtos foram lan\u00e7ados em feira importante&#13;\n                            <\/p>\n<\/p><\/div>\n<div class=\"container\">\n<div class=\"row\">\n<div class=\"col-lg p-0\">\n<div>\n<div class=\"block-news-main-infos mt-3 text-start\">\n<p>                                            <strong class=\"fn\" itemprop=\"author\" style=\"color: rgb(112, 112, 112); \">&#13;<br \/>\n                                                <a href=\"https:\/\/www.agrolink.com.br\/noticias\/javascript:;\" class=\"text-uppercase\" target=\"_blank\" style=\"color: rgb(112, 112, 112); \" rel=\"noopener\">Agrolink<\/a>&#13;<br \/>\n&#13;<br \/>\n                                                    &#8211; Leonardo Gottems&#13;<br \/>\n&#13;<br \/>\n                                            <\/strong><br \/>\n                                        <\/p>\n<p>                                            <abbr><time datetime=\"2025-06-05T10:36\" itemprop=\"datePublished dateModified\">Publicado em 05\/06\/2025 \u00e0s 10:36h.<\/time><\/abbr><br \/>\n                                            <\/p><\/div>\n<\/p><\/div>\n<\/p><\/div>\n<div class=\"col-lg p-0 text-lg-end\">\n<div>\n<div id=\"mdEnviarPagina\" class=\"modal fade\" role=\"dialog\">\n<div class=\"modal-dialog\">\n<div class=\"modal-content\">\n<div class=\"modal-body\">\n<p><strong>Estimado usu\u00e1rio.<\/strong><br \/>Preencha o formul\u00e1rio abaixo para remeter a p\u00e1gina.<\/p>\n<\/p><\/div>\n<\/p><\/div>\n<\/p><\/div>\n<\/div><\/div>\n<\/p><\/div>\n<\/p><\/div>\n<\/p><\/div>\n<\/p><\/div>\n<\/p><\/div>\n<div class=\"row justify-content-md-center mt-3\">\n<div class=\"col-lg-auto col-image block-news-main-image\">\n<p>                                <img decoding=\"async\" src=\"https:\/\/www.agrolink.com.br\/upload\/imagens-resizes\/11e1f75ded8d4ee3a94ae566bef38ff1_858x483.jpg\" class=\"lazyload img-fluid\" alt=\"Produtos foram lan\u00e7ados em feira importante\"\/><br \/>\n                                                <span class=\"d-block mt-1\">Produtos foram lan\u00e7ados em feira importante &#8211; Foto: Canva<\/span><\/p><\/div>\n<\/p><\/div>\n<div class=\"section-description section-description-noticias mt-3\">\n<p>O combate ao psil\u00eddeo-dos-citros (Diaphorina citri), vetor do greening, ganha refor\u00e7os com as solu\u00e7\u00f5es da Sipcam Nichino. A empresa destaca o inseticida Fiera, que atua de forma inovadora na fase de ninfa, e o acaricida Fujimite, que apresenta efic\u00e1cia de at\u00e9 100% no controle do inseto, segundo testes realizados na Esta\u00e7\u00e3o Experimental Sylvio Moreira, do IAC. O Fujimite tamb\u00e9m foi reconhecido pelo Fundecitrus no programa &#8220;Avalia Psil\u00eddeo&#8221;, que orienta os citricultores no manejo qu\u00edmico da doen\u00e7a.&#13;\n<\/p>\n<p>Al\u00e9m disso, o fungicida Vitene se destaca no controle de doen\u00e7as como pinta-preta, verrugose e podrid\u00e3o floral, problemas recorrentes na citricultura. A empresa tamb\u00e9m aposta na bioestimula\u00e7\u00e3o com os produtos Abyss, Blackjak, Nutex Premium e Stilo Verde, que favorecem o desenvolvimento vegetativo, melhoram a fotoss\u00edntese, a fixa\u00e7\u00e3o de flores e frutos, al\u00e9m de contribuir para pomares mais produtivos e saud\u00e1veis.<\/p>\n<p>Essas tecnologias s\u00e3o apontadas como fatores que ajudam a explicar a proje\u00e7\u00e3o otimista para a safra de laranja 2025\/26, que deve atingir 314,6 milh\u00f5es de caixas, o melhor resultado em dez anos, segundo o Fundecitrus. Todas essas solu\u00e7\u00f5es est\u00e3o sendo apresentadas pela Sipcam Nichino na Expocitros 2025, que ocorre de 3 a 6 de junho, em Cordeir\u00f3polis (SP), maior feira citr\u00edcola da Am\u00e9rica Latina.&#13;\n<\/p>\n<p>\u201cA chegada de novas tecnologias est\u00e1 ajudando o produtor no manejo do inseto e resultando em maiores per\u00edodos de controle do \u2018psil\u00eddeo\u2019\u201d, atesta o engenheiro agr\u00f4nomo Marcelo Palazim, da \u00e1rea de desenvolvimento de mercado. \u201cCom a integra\u00e7\u00e3o dos produtos, obtiveram-se \u00edndices de 80% a 100% no controle da praga, nas avalia\u00e7\u00f5es a campo\u201d, resume Palazim.<br \/>&#13;<br \/>\n\u00a0<\/p>\n<\/p><\/div>\n<\/p><\/div>\n<p><script data-cfasync=\"false\">\n    !function (f, b, e, v, n, t, s) {\n        if (f.fbq) return; n = f.fbq = function () {\n            n.callMethod ?\n                n.callMethod.apply(n, arguments) : n.queue.push(arguments)\n        };\n        if (!f._fbq) f._fbq = n; n.push = n; n.loaded = !0; n.version = '2.0';\n        n.queue = []; t = b.createElement(e); t.async = !0;\n        t.src = v; s = b.getElementsByTagName(e)[0];\n        s.parentNode.insertBefore(t, s)\n    }(window, document, 'script',\n        'https:\/\/connect.facebook.net\/en_US\/fbevents.js');\n    fbq('init', '522546078623747');\n    fbq('track', 'PageView');\n<\/script><br \/>\n<br \/><br \/>\n<br \/><a href=\"https:\/\/www.agrolink.com.br\/noticias\/solucoes-eficazes-contra-pragas-e-doencas-dos-citros_502645.html\">Source link <\/a><\/p>\n","protected":false},"excerpt":{"rendered":"<p>&#13; Produtos foram lan\u00e7ados em feira importante&#13; &#13; Agrolink&#13; &#13; &#8211; Leonardo Gottems&#13; &#13; Publicado em 05\/06\/2025 \u00e0s 10:36h. Estimado<\/p>\n","protected":false},"author":1,"featured_media":7105,"comment_status":"open","ping_status":"open","sticky":false,"template":"","format":"standard","meta":{"_monsterinsights_skip_tracking":false,"_monsterinsights_sitenote_active":false,"_monsterinsights_sitenote_note":"","_monsterinsights_sitenote_category":0,"_uf_show_specific_survey":0,"_uf_disable_surveys":false,"footnotes":""},"categories":[8,1,14],"tags":[],"class_list":["post-14697","post","type-post","status-publish","format-standard","has-post-thumbnail","hentry","category-agro","category-news","category-politica-agro"],"_links":{"self":[{"href":"https:\/\/agromt.news\/index.php?rest_route=\/wp\/v2\/posts\/14697"}],"collection":[{"href":"https:\/\/agromt.news\/index.php?rest_route=\/wp\/v2\/posts"}],"about":[{"href":"https:\/\/agromt.news\/index.php?rest_route=\/wp\/v2\/types\/post"}],"author":[{"embeddable":true,"href":"https:\/\/agromt.news\/index.php?rest_route=\/wp\/v2\/users\/1"}],"replies":[{"embeddable":true,"href":"https:\/\/agromt.news\/index.php?rest_route=%2Fwp%2Fv2%2Fcomments&post=14697"}],"version-history":[{"count":0,"href":"https:\/\/agromt.news\/index.php?rest_route=\/wp\/v2\/posts\/14697\/revisions"}],"wp:featuredmedia":[{"embeddable":true,"href":"https:\/\/agromt.news\/index.php?rest_route=\/wp\/v2\/media\/7105"}],"wp:attachment":[{"href":"https:\/\/agromt.news\/index.php?rest_route=%2Fwp%2Fv2%2Fmedia&parent=14697"}],"wp:term":[{"taxonomy":"category","embeddable":true,"href":"https:\/\/agromt.news\/index.php?rest_route=%2Fwp%2Fv2%2Fcategories&post=14697"},{"taxonomy":"post_tag","embeddable":true,"href":"https:\/\/agromt.news\/index.php?rest_route=%2Fwp%2Fv2%2Ftags&post=14697"}],"curies":[{"name":"wp","href":"https:\/\/api.w.org\/{rel}","templated":true}]}}